{"id":199519,"date":"2022-05-26T20:23:55","date_gmt":"2022-05-26T23:23:55","guid":{"rendered":"https:\/\/diarioregionaldigital.com.br\/?p=199519"},"modified":"2022-05-26T20:23:55","modified_gmt":"2022-05-26T23:23:55","slug":"avenida-itamar-franco-recebe-zeladoria-do-programa-boniteza","status":"publish","type":"post","link":"https:\/\/diarioregionaldigital.com.br\/?p=199519","title":{"rendered":"Avenida Itamar Franco recebe zeladoria do Programa Boniteza"},"content":{"rendered":"<p>Segundo informa\u00e7\u00f5es do site da Prefeitura de Juiz de Fora (PJF), a\u00a0zeladoria do Programa Boniteza, atrav\u00e9s das equipes da Prefeitura de Juiz de Fora (PJF), segue em toda a extens\u00e3o da Av. Presidente Itamar Franco, uma das mais movimentadas de Juiz de Fora.<\/p>\n<p>Dentre os servi\u00e7os realizados est\u00e3o caia\u00e7\u00e3o e pintura de vasos e guias (meio-fio), revitaliza\u00e7\u00e3o do pavimento com manuten\u00e7\u00e3o das pedras portuguesas, al\u00e9m das podas de \u00e1rvores.<\/p>\n<p>Ainda nesta quinta-feira, 26, os trabalhadores da\u00a0Empresa Municipal de Pavimenta\u00e7\u00e3o e Urbanidades (Empav) realizam zeladoria em outros nove bairros, tr\u00eas campos de futebol e tr\u00eas pra\u00e7as, com servi\u00e7os de poda de grama, limpeza e poda de \u00e1rvores.<\/p>\n<p><strong>Veja abaixo a lista completa de locais atendidos nesta quinta-feira, 26:<\/strong><br \/>\nPra\u00e7a Menelick de Carvalho, Centro*<\/p>\n<p>Av. Deusdedith Salgado, Teixeiras*<\/p>\n<p>Av. Presidente Juscelino Kubitschek, Benfica*<\/p>\n<p>Av. Doutor Paulo Japiassu Coelho, Cascatinha**<\/p>\n<p>Av. Presidente Itamar Franco, S\u00e3o Mateus**<\/p>\n<p>Av. Presidente Juscelino Kubitschek, Barreira do Triunfo**<\/p>\n<p>Pra\u00e7a do bairro Quintas Avenidas, Quintas Avenidas**<\/p>\n<p>Av. Pedro Timponi, Nova Benfica*<\/p>\n<p>Canteiro Acesso Norte, Barbosa Lage*<\/p>\n<p>Campo do Parque das \u00c1guas, Parque das \u00c1guas*<\/p>\n<p>Campo do Retiro, Retiro*<\/p>\n<p>Pra\u00e7a Miguel Gustavo, Meggliolario*<\/p>\n<p>Campo Parque Independ\u00eancia, Parque Independ\u00eancia*<\/p>\n<p>Pra\u00e7a Carlos Butier, Granbery*<\/p>\n<p>Canteiro da Rua In\u00e1cio Gama e Rua Alan Kardec, Lourdes*<\/p>\n<p>Canteiros Igrejinha, Igrejinha*<\/p>\n<p>A\u00a0programa\u00e7\u00e3o di\u00e1ria de todas as atividades realizadas pela Empav pode ser acompanhada atrav\u00e9s da p\u00e1gina do Gabinete de A\u00e7\u00e3o e Di\u00e1logo Comunit\u00e1rio, pelo<a href=\"https:\/\/www.pjf.mg.gov.br\/gabinetecomunitario\/#onde\">\u00a0<strong>link<\/strong><\/a>.<\/p>\n<p>Todas as a\u00e7\u00f5es de reestrutura\u00e7\u00e3o, urbaniza\u00e7\u00e3o e zeladoria realizadas pela Empav fazem parte do Programa Boniteza. Voc\u00ea pode solicitar estes e outros servi\u00e7os atrav\u00e9s do Gabinete de A\u00e7\u00e3o e Di\u00e1logo Comunit\u00e1rio, que recebe e organiza pedidos relativos a interven\u00e7\u00f5es e melhorias urbanas. O contato pode ser feito por liga\u00e7\u00e3o telef\u00f4nica, pelo n\u00famero (32) 3690-7241 ou, ainda, via WhatsApp, utilizando o mesmo n\u00famero.<\/p>\n","protected":false},"excerpt":{"rendered":"<p>Segundo informa\u00e7\u00f5es do site da Prefeitura de Juiz de Fora (PJF), a\u00a0zeladoria do Programa Boniteza, atrav\u00e9s das equipes da Prefeitura de Juiz de Fora (PJF), segue em toda a extens\u00e3o da Av. Presidente Itamar Franco, uma das mais movimentadas de Juiz de Fora. Dentre os servi\u00e7os realizados est\u00e3o caia\u00e7\u00e3o e pintura de vasos e guias [&hellip;]<\/p>\n","protected":false},"author":246,"featured_media":199520,"comment_status":"closed","ping_status":"closed","sticky":false,"template":"","format":"standard","meta":{"footnotes":""},"categories":[253,436,439],"tags":[],"class_list":["post-199519","post","type-post","status-publish","format-standard","has-post-thumbnail","hentry","category-cidade","category-destaque-da-semana","category-ultima-hora"],"_links":{"self":[{"href":"https:\/\/diarioregionaldigital.com.br\/index.php?rest_route=\/wp\/v2\/posts\/199519","targetHints":{"allow":["GET"]}}],"collection":[{"href":"https:\/\/diarioregionaldigital.com.br\/index.php?rest_route=\/wp\/v2\/posts"}],"about":[{"href":"https:\/\/diarioregionaldigital.com.br\/index.php?rest_route=\/wp\/v2\/types\/post"}],"author":[{"embeddable":true,"href":"https:\/\/diarioregionaldigital.com.br\/index.php?rest_route=\/wp\/v2\/users\/246"}],"replies":[{"embeddable":true,"href":"https:\/\/diarioregionaldigital.com.br\/index.php?rest_route=%2Fwp%2Fv2%2Fcomments&post=199519"}],"version-history":[{"count":1,"href":"https:\/\/diarioregionaldigital.com.br\/index.php?rest_route=\/wp\/v2\/posts\/199519\/revisions"}],"predecessor-version":[{"id":199521,"href":"https:\/\/diarioregionaldigital.com.br\/index.php?rest_route=\/wp\/v2\/posts\/199519\/revisions\/199521"}],"wp:featuredmedia":[{"embeddable":true,"href":"https:\/\/diarioregionaldigital.com.br\/index.php?rest_route=\/wp\/v2\/media\/199520"}],"wp:attachment":[{"href":"https:\/\/diarioregionaldigital.com.br\/index.php?rest_route=%2Fwp%2Fv2%2Fmedia&parent=199519"}],"wp:term":[{"taxonomy":"category","embeddable":true,"href":"https:\/\/diarioregionaldigital.com.br\/index.php?rest_route=%2Fwp%2Fv2%2Fcategories&post=199519"},{"taxonomy":"post_tag","embeddable":true,"href":"https:\/\/diarioregionaldigital.com.br\/index.php?rest_route=%2Fwp%2Fv2%2Ftags&post=199519"}],"curies":[{"name":"wp","href":"https:\/\/api.w.org\/{rel}","templated":true}]}}