{"id":199511,"date":"2022-05-26T20:17:25","date_gmt":"2022-05-26T23:17:25","guid":{"rendered":"https:\/\/diarioregionaldigital.com.br\/?p=199511"},"modified":"2022-05-26T20:17:25","modified_gmt":"2022-05-26T23:17:25","slug":"programa-boniteza-realiza-126-intervencoes-nesta-quinta-26","status":"publish","type":"post","link":"https:\/\/diarioregionaldigital.com.br\/?p=199511","title":{"rendered":"Programa Boniteza realiza 126 interven\u00e7\u00f5es nesta quinta, 26"},"content":{"rendered":"<p>Segundo informa\u00e7\u00f5es do site da Prefeitura de Juiz de Fora (PJF), atrav\u00e9s da Secretaria de Obras (SO) e do Gabinete de A\u00e7\u00e3o e Di\u00e1logo Comunit\u00e1rio (GADC) da Prefeitura de Juiz de Fora (PJF), o Programa Boniteza opera em 126 interven\u00e7\u00f5es nesta quinta-feira, 26.<\/p>\n<p>&nbsp;<\/p>\n<p><strong>Obras<\/strong><\/p>\n<p>&nbsp;<\/p>\n<p>Os Departamentos de Opera\u00e7\u00e3o e Manuten\u00e7\u00e3o em Obras (Domo) e de Estradas Vicinais da Secretaria de Obras t\u00eam previstas 13 a\u00e7\u00f5es.<\/p>\n<p>&nbsp;<\/p>\n<p>Interven\u00e7\u00f5es em continuidade:<\/p>\n<p>&nbsp;<\/p>\n<p>&#8211; Constru\u00e7\u00e3o de rede &#8211; Rua Fernando Lamarca &#8211; Distrito Industrial<\/p>\n<p>&#8211; Assentamento de grade de concreto &#8211; Rua Marechal Deodoro &#8211; Centro<\/p>\n<p>&#8211; Obras complementares &#8211; Rua da Mina &#8211; Bonfim<\/p>\n<p>&#8211; Corre\u00e7\u00e3o de eros\u00e3o pluvial &#8211; Rua Dom Silv\u00e9rio &#8211; Alto dos Passos<\/p>\n<p>&#8211; Patrolamento e lan\u00e7amento de material &#8211; Estrada de Pirapetinga &#8211; Pirapetinga<\/p>\n<p>&#8211; Encabe\u00e7amento de bueiro &#8211; Estrada da Mandioca- Ros\u00e1rio de Minas<\/p>\n<p>&#8211; Patrolamento e lan\u00e7amento de material &#8211; Estrada da varginha &#8211; Paula Lima<\/p>\n<p>&#8211; Ro\u00e7ada &#8211; Estrada de Humait\u00e1 &#8211; Humait\u00e1<\/p>\n<p>&nbsp;<\/p>\n<p>Novas interven\u00e7\u00f5es:<\/p>\n<p>&nbsp;<\/p>\n<p>&#8211; Coloca\u00e7\u00e3o de meio fio &#8211; Rua Vit\u00f3rio Sagioro &#8211; Centen\u00e1rio<\/p>\n<p>&#8211; Remo\u00e7\u00e3o de piso concretado e execu\u00e7\u00e3o de base &#8211; Dep\u00f3sito da Demlurb<\/p>\n<p>&#8211; Patrolamento &#8211; Estrada do pe\u00e3o &#8211; Torre\u00f5es<\/p>\n<p>&#8211; Retirada de mata burro e limpeza de vala &#8211; Estrada do Estrela<\/p>\n<p>&#8211; Patrolamento &#8211; Estrada do limoeiro<\/p>\n<p>&nbsp;<\/p>\n<p><strong>Ilumina\u00e7\u00e3o P\u00fablica<\/strong><\/p>\n<p>O departamento de Ilumina\u00e7\u00e3o P\u00fablica da PJF d\u00e1 continuidade \u00e0s a\u00e7\u00f5es com a previs\u00e3o de trocas de 113 l\u00e2mpadas em todas as regi\u00f5es.<\/p>\n<p>&nbsp;<\/p>\n<p><strong>Barreira do Triunfo<\/strong><\/p>\n<p>Estrada Elias Jos\u00e9 Mockdeci<\/p>\n<p>Rua Ant\u00f4nio Pereira Silva<\/p>\n<p>Avenida Eudoxio Infante Vieira<\/p>\n<p><strong>N\u00e1utico<\/strong><\/p>\n<p>Rua Paulo Braga<\/p>\n<p><strong>Jardim Da Serra<\/strong><\/p>\n<p>Rua Natal<\/p>\n<p>Rua Fortaleza<\/p>\n<p>Rua Curitiba<\/p>\n<p><strong>Fazendinhas S\u00e3o Pedro<\/strong><\/p>\n<p>Rua A<\/p>\n<p><strong>S\u00e3o Pedro<\/strong><\/p>\n<p>Avenida Presidente Costa E Silva<\/p>\n<p>Rua B<\/p>\n<p>Avenida Pedro Henrique Krambeck<\/p>\n<p><strong>Aeroporto<\/strong><\/p>\n<p>Avenida Engenheiro Valdir Pedro Monachesi<\/p>\n<p><strong>Parque Jardim Da Serra<\/strong><\/p>\n<p>Rua S\u00e3o Luiz<\/p>\n<p><strong>J\u00f3quei Clube I<\/strong><\/p>\n<p>Rua Vila Vidal<\/p>\n<p>Rua Geraldo Villela<\/p>\n<p>Rua Benjamin Marques<\/p>\n<p>Rua Detetive Jos\u00e9 Filipe<\/p>\n<p><strong>Barbosa Lage<\/strong><\/p>\n<p>Avenida Ant\u00f4nio Guimar\u00e3es Peralva<\/p>\n<p><strong>Industrial<\/strong><\/p>\n<p>Rua Avelino Milagres<\/p>\n<p><strong>Jardim Natal<\/strong><\/p>\n<p>Rua Geraldo Viela<\/p>\n<p><strong>Nova Era Ii<\/strong><\/p>\n<p>Rua Salvador Del Duca<\/p>\n<p><strong>Distrito Industrial<\/strong><\/p>\n<p>Rua Jos\u00e9 Epifanio<\/p>\n<p>Km 777 Br040<\/p>\n<p><strong>Nova Era<\/strong><\/p>\n<p>Avenida Presidente Juscelino Kubitschek<\/p>\n<p>Rua Doutor Bezerra De Menezes<\/p>\n<p>Rua Jos\u00e9 Marcelino Dias<\/p>\n<p>Rua Do Vale<\/p>\n<p>Rua Carlos Alberto Da Silveira<\/p>\n<p>Rua Sophia Fortini Costa<\/p>\n<p><strong>Benfica<\/strong><\/p>\n<p>Rua Coronel Sebasti\u00e3o Halfeld<\/p>\n<p><strong>Cer\u00e2mica<\/strong><\/p>\n<p>Rua Sueny Sacconi<\/p>\n<p>Avenida Presidente Juscelino Kubitschek<\/p>\n<p>Rua Jos\u00e9 Martins Da Silva<\/p>\n<p><strong>J\u00f3quei Clube<\/strong><\/p>\n<p>Rua Constan\u00e7a Vidal<\/p>\n<p>Rua Geraldo Villela<\/p>\n<p>Avenida J\u00f3quei Clube<\/p>\n<p><strong>F\u00e1brica<\/strong><\/p>\n<p>Rua Bernardo Mascarenhas<\/p>\n<p>Rua Coronel Tancredo<\/p>\n<p><strong>Novo Triunfo<\/strong><\/p>\n<p>Rua Madre Teresa De Calcut\u00e1<\/p>\n<p>Rua C<\/p>\n<p>Rua Zilda Augusta Pereira Sobrinho<\/p>\n<p><strong>Cidade Do Sol<\/strong><\/p>\n<p>Rua Gustavo Capanema<\/p>\n<p>Rua Silva Melo<\/p>\n<p><strong>Recanto Do Sol<\/strong><\/p>\n<p>Rua Das Hort\u00eancias<\/p>\n<p><strong>Vila Esperanca Ii<\/strong><\/p>\n<p>Rua Joaquim Belmiro Pereira<\/p>\n<p>Rua Da Passagem E<\/p>\n<p><strong>Santa Cruz<\/strong><\/p>\n<p>Rua Justino Gomes Monteiro<\/p>\n<p>Rua Herminio Dias De Oliveira<\/p>\n<p><strong>S\u00e3o Dimas<\/strong><\/p>\n<p>Rua Noel Rosa<\/p>\n<p>Rua Euclides De Souza Lima<\/p>\n<p><strong>S\u00e3o Judas Tadeu<\/strong><\/p>\n<p>Rua Luiz Villani<\/p>\n<p>Rua da F\u00e9<\/p>\n<p><strong>Paineiras<\/strong><\/p>\n<p>Rua Halfeld<\/p>\n<p><strong>S\u00e3o Mateus<\/strong><\/p>\n<p>Rua Tiete<\/p>\n<p>Rua Chanceler Oswaldo Aranha<\/p>\n<p>Ladeira Alexandre Leonel<\/p>\n<p>Rua Barao De Sao Marcelino<\/p>\n<p>Rua Benedito Pinto<\/p>\n<p>Rua Monsenhor Gustavo Freire<\/p>\n<p>Rua Guacui<\/p>\n<p><strong>Democrata<\/strong><\/p>\n<p>Rua Padre Quintiliano Borges<\/p>\n<p>Rua Benjamim Guimaraes<\/p>\n<p><strong>Mariano Proc\u00f3pio<\/strong><\/p>\n<p>Rua da Gl\u00f3ria<\/p>\n<p>Avenida Brasil<\/p>\n<p>Rua Dos Artistas<\/p>\n<p><strong>Passos<\/strong><\/p>\n<p>Rua C\u00e9lia Marco De Freitas<\/p>\n<p>Rua Doutor Laureano<\/p>\n<p>Rua Bar\u00e3o de Aquino<\/p>\n<p>Rua Francisco Serra<\/p>\n<p>Avenida Barao Do Rio Branco<\/p>\n<p><strong>Jardim Gl\u00f3ria<\/strong><\/p>\n<p>Travessa Cl\u00e9rio Bortoli<\/p>\n<p>Rua Da Aboli\u00e7\u00e3o<\/p>\n<p>Travessa Teodorico Gomes<\/p>\n<p><strong>Centro<\/strong><\/p>\n<p>Avenida Bar\u00e3o Do Rio Branco<\/p>\n<p>Avenida Brasil<\/p>\n<p><strong>Santa Helena<\/strong><\/p>\n<p>Rua Dona Maria Helena Teixeira<\/p>\n<p>Rua Doutor Constantino Palleta<\/p>\n<p><strong>Cidade Jardim<\/strong><\/p>\n<p>Rua Jose Hermogeneo Dutra<\/p>\n<p><strong>Santa Catarina<\/strong><\/p>\n<p>Rua Uruguaiana<\/p>\n<p>Rua Engenheiro Jos\u00e9 Carlos Moraes Sarmento<\/p>\n<p><strong>Mundo Novo<\/strong><\/p>\n<p>Rua Severiano Sarmento<\/p>\n<p>&nbsp;<\/p>\n<p><strong>Gabinete de A\u00e7\u00e3o e Di\u00e1logo Comunit\u00e1rio<\/strong><\/p>\n<p>As a\u00e7\u00f5es da Secretaria de Obras s\u00e3o realizadas atrav\u00e9s do Gabinete de A\u00e7\u00e3o e Di\u00e1logo Comunit\u00e1rio, que recebe demandas de melhorias urbanas pelo n\u00famero (32) 3690-7241, por liga\u00e7\u00e3o ou WhatsApp.<\/p>\n<p>&nbsp;<\/p>\n<p>No\u00a0<a href=\"https:\/\/www.pjf.mg.gov.br\/gabinetecomunitario\/\"><strong>site do gabinete<\/strong><\/a>, est\u00e3o dispon\u00edveis informa\u00e7\u00f5es atualizadas\u00a0 diariamente sobre os servi\u00e7os realizados pelas secretarias de Obras (SO); de Sustentabilidade em Meio Ambiente e Atividades Urbanas (Sesmaur); de Mobilidade Urbana (SMU); e pela\u00a0 Empresa Municipal de Pavimenta\u00e7\u00e3o e Urbaniza\u00e7\u00e3o (Empav); Departamento Municipal de Limpeza Urbana (Demlurb); e Companhia de Saneamento Municipal (Cesama).<\/p>\n","protected":false},"excerpt":{"rendered":"<p>Segundo informa\u00e7\u00f5es do site da Prefeitura de Juiz de Fora (PJF), atrav\u00e9s da Secretaria de Obras (SO) e do Gabinete de A\u00e7\u00e3o e Di\u00e1logo Comunit\u00e1rio (GADC) da Prefeitura de Juiz de Fora (PJF), o Programa Boniteza opera em 126 interven\u00e7\u00f5es nesta quinta-feira, 26. &nbsp; Obras &nbsp; Os Departamentos de Opera\u00e7\u00e3o e Manuten\u00e7\u00e3o em Obras (Domo) [&hellip;]<\/p>\n","protected":false},"author":246,"featured_media":199514,"comment_status":"closed","ping_status":"closed","sticky":false,"template":"","format":"standard","meta":{"footnotes":""},"categories":[253,436,439],"tags":[],"class_list":["post-199511","post","type-post","status-publish","format-standard","has-post-thumbnail","hentry","category-cidade","category-destaque-da-semana","category-ultima-hora"],"_links":{"self":[{"href":"https:\/\/diarioregionaldigital.com.br\/index.php?rest_route=\/wp\/v2\/posts\/199511","targetHints":{"allow":["GET"]}}],"collection":[{"href":"https:\/\/diarioregionaldigital.com.br\/index.php?rest_route=\/wp\/v2\/posts"}],"about":[{"href":"https:\/\/diarioregionaldigital.com.br\/index.php?rest_route=\/wp\/v2\/types\/post"}],"author":[{"embeddable":true,"href":"https:\/\/diarioregionaldigital.com.br\/index.php?rest_route=\/wp\/v2\/users\/246"}],"replies":[{"embeddable":true,"href":"https:\/\/diarioregionaldigital.com.br\/index.php?rest_route=%2Fwp%2Fv2%2Fcomments&post=199511"}],"version-history":[{"count":1,"href":"https:\/\/diarioregionaldigital.com.br\/index.php?rest_route=\/wp\/v2\/posts\/199511\/revisions"}],"predecessor-version":[{"id":199515,"href":"https:\/\/diarioregionaldigital.com.br\/index.php?rest_route=\/wp\/v2\/posts\/199511\/revisions\/199515"}],"wp:featuredmedia":[{"embeddable":true,"href":"https:\/\/diarioregionaldigital.com.br\/index.php?rest_route=\/wp\/v2\/media\/199514"}],"wp:attachment":[{"href":"https:\/\/diarioregionaldigital.com.br\/index.php?rest_route=%2Fwp%2Fv2%2Fmedia&parent=199511"}],"wp:term":[{"taxonomy":"category","embeddable":true,"href":"https:\/\/diarioregionaldigital.com.br\/index.php?rest_route=%2Fwp%2Fv2%2Fcategories&post=199511"},{"taxonomy":"post_tag","embeddable":true,"href":"https:\/\/diarioregionaldigital.com.br\/index.php?rest_route=%2Fwp%2Fv2%2Ftags&post=199511"}],"curies":[{"name":"wp","href":"https:\/\/api.w.org\/{rel}","templated":true}]}}