{"id":199505,"date":"2022-05-26T20:03:04","date_gmt":"2022-05-26T23:03:04","guid":{"rendered":"https:\/\/diarioregionaldigital.com.br\/?p=199505"},"modified":"2022-05-26T20:03:04","modified_gmt":"2022-05-26T23:03:04","slug":"fortaleza-garante-classificacao-historica-na-libertadores","status":"publish","type":"post","link":"https:\/\/diarioregionaldigital.com.br\/?p=199505","title":{"rendered":"Fortaleza garante classifica\u00e7\u00e3o hist\u00f3rica na Libertadores"},"content":{"rendered":"<p>O Fortaleza fez hist\u00f3ria nesta quarta-feira (25), pois garantiu vaga nas oitavas de final da Copa Libertadores ap\u00f3s derrotar o Colo-Colo (Chile) por 4 a 3 mesmo jogando no est\u00e1dio Monumental de Santiago.<img decoding=\"async\" src=\"https:\/\/agenciabrasil.ebc.com.br\/ebc.png?id=1461936&amp;o=node\" \/><img decoding=\"async\" src=\"https:\/\/agenciabrasil.ebc.com.br\/ebc.gif?id=1461936&amp;o=node\" \/><\/p>\n<p>Ap\u00f3s este triunfo o Tricolor do Pici terminou a fase inicial na segunda posi\u00e7\u00e3o do Grupo F da competi\u00e7\u00e3o com dez pontos, seis a menos do que o l\u00edder River Plate (Argentina), que goleou o Alianza Lima (Peru) por 8 a 1 e garantiu a segunda melhor campanha da fase de grupos, atr\u00e1s apenas do Palmeiras.<\/p>\n<p>Buscando a vit\u00f3ria desde o in\u00edcio, a equipe comandada pelo t\u00e9cnico argentino Juan Vojvoda abriu o placar logo aos tr\u00eas minutos de bola rolando. Mois\u00e9s avan\u00e7ou pela esquerda e cruzou para a \u00e1rea, onde Silvio Romero teve apenas o trabalho de escorar.<\/p>\n<p>Aos 24 minutos o camisa 21 deixou o papel de arco e virou flecha ao receber de Lucas Lima, partir em velocidade e bater na sa\u00edda do goleiro para ampliar. O primeiro tempo do Fortaleza s\u00f3 n\u00e3o foi perfeito porque, j\u00e1 aos 44, Solari cruzou para a \u00e1rea e Ceballos acabou marcando contra ao tentar cortar.<\/p>\n<p>Por\u00e9m, o time cearense voltou a ficar em situa\u00e7\u00e3o tranquila quando Mois\u00e9s marcou o seu segundo na partida ap\u00f3s uma bela arrancada do meio campo, aos 8 minutos da etapa final, e Pikachu ampliar para 4 a 1 aos 16 minutos.<\/p>\n<p>O Colo-Colo ainda ensaiou uma rea\u00e7\u00e3o com os gols de Bruno Guti\u00e9rrez, aos 18, e de L\u00e9o Gil, aos 34, mas a vit\u00f3ria final era mesmo da equipe brasileira.<\/p>\n<p>Fonte: Ag\u00eancia Brasil<\/p>\n","protected":false},"excerpt":{"rendered":"<p>O Fortaleza fez hist\u00f3ria nesta quarta-feira (25), pois garantiu vaga nas oitavas de final da Copa Libertadores ap\u00f3s derrotar o Colo-Colo (Chile) por 4 a 3 mesmo jogando no est\u00e1dio Monumental de Santiago. Ap\u00f3s este triunfo o Tricolor do Pici terminou a fase inicial na segunda posi\u00e7\u00e3o do Grupo F da competi\u00e7\u00e3o com dez pontos, [&hellip;]<\/p>\n","protected":false},"author":246,"featured_media":199506,"comment_status":"closed","ping_status":"closed","sticky":false,"template":"","format":"standard","meta":{"footnotes":""},"categories":[436,257,439],"tags":[],"class_list":["post-199505","post","type-post","status-publish","format-standard","has-post-thumbnail","hentry","category-destaque-da-semana","category-esporte","category-ultima-hora"],"_links":{"self":[{"href":"https:\/\/diarioregionaldigital.com.br\/index.php?rest_route=\/wp\/v2\/posts\/199505","targetHints":{"allow":["GET"]}}],"collection":[{"href":"https:\/\/diarioregionaldigital.com.br\/index.php?rest_route=\/wp\/v2\/posts"}],"about":[{"href":"https:\/\/diarioregionaldigital.com.br\/index.php?rest_route=\/wp\/v2\/types\/post"}],"author":[{"embeddable":true,"href":"https:\/\/diarioregionaldigital.com.br\/index.php?rest_route=\/wp\/v2\/users\/246"}],"replies":[{"embeddable":true,"href":"https:\/\/diarioregionaldigital.com.br\/index.php?rest_route=%2Fwp%2Fv2%2Fcomments&post=199505"}],"version-history":[{"count":1,"href":"https:\/\/diarioregionaldigital.com.br\/index.php?rest_route=\/wp\/v2\/posts\/199505\/revisions"}],"predecessor-version":[{"id":199507,"href":"https:\/\/diarioregionaldigital.com.br\/index.php?rest_route=\/wp\/v2\/posts\/199505\/revisions\/199507"}],"wp:featuredmedia":[{"embeddable":true,"href":"https:\/\/diarioregionaldigital.com.br\/index.php?rest_route=\/wp\/v2\/media\/199506"}],"wp:attachment":[{"href":"https:\/\/diarioregionaldigital.com.br\/index.php?rest_route=%2Fwp%2Fv2%2Fmedia&parent=199505"}],"wp:term":[{"taxonomy":"category","embeddable":true,"href":"https:\/\/diarioregionaldigital.com.br\/index.php?rest_route=%2Fwp%2Fv2%2Fcategories&post=199505"},{"taxonomy":"post_tag","embeddable":true,"href":"https:\/\/diarioregionaldigital.com.br\/index.php?rest_route=%2Fwp%2Fv2%2Ftags&post=199505"}],"curies":[{"name":"wp","href":"https:\/\/api.w.org\/{rel}","templated":true}]}}