{"id":199501,"date":"2022-05-26T19:59:23","date_gmt":"2022-05-26T22:59:23","guid":{"rendered":"https:\/\/diarioregionaldigital.com.br\/?p=199501"},"modified":"2022-05-26T19:59:23","modified_gmt":"2022-05-26T22:59:23","slug":"america-mg-se-despede-da-libertadores-com-derrota-para-o-del-valle","status":"publish","type":"post","link":"https:\/\/diarioregionaldigital.com.br\/?p=199501","title":{"rendered":"Am\u00e9rica-MG se despede da Libertadores com derrota para o Del Valle"},"content":{"rendered":"<p>O Am\u00e9rica-MG se despediu da Copa Libertadores com uma derrota de 3 a 0 para o Independiente Del Valle (Equador), na noite desta quarta-feira (25) no est\u00e1dio Banco Guayaquil, em Quito.<img decoding=\"async\" src=\"https:\/\/agenciabrasil.ebc.com.br\/ebc.png?id=1461949&amp;o=node\" \/><img decoding=\"async\" src=\"https:\/\/agenciabrasil.ebc.com.br\/ebc.gif?id=1461949&amp;o=node\" \/><\/p>\n<p>Ap\u00f3s este resultado o Coelho terminou a primeira fase da competi\u00e7\u00e3o na \u00faltima posi\u00e7\u00e3o do Grupo D, com dois pontos, sendo eliminado da Libertadores e ficando tamb\u00e9m sem possibilidade de seguir para as oitavas de final da Sul-Americana.<\/p>\n<p>A vit\u00f3ria da equipe equatoriana foi constru\u00edda com gols de Gaibor, Sornoza e Ch\u00e1vez. Agora, o Am\u00e9rica-MG se concentra no Brasileiro, onde mede for\u00e7as com o Corinthians no domingo (29).<\/p>\n<p>Fonte: Ag\u00eancia Brasil<\/p>\n","protected":false},"excerpt":{"rendered":"<p>O Am\u00e9rica-MG se despediu da Copa Libertadores com uma derrota de 3 a 0 para o Independiente Del Valle (Equador), na noite desta quarta-feira (25) no est\u00e1dio Banco Guayaquil, em Quito. Ap\u00f3s este resultado o Coelho terminou a primeira fase da competi\u00e7\u00e3o na \u00faltima posi\u00e7\u00e3o do Grupo D, com dois pontos, sendo eliminado da Libertadores [&hellip;]<\/p>\n","protected":false},"author":246,"featured_media":199502,"comment_status":"closed","ping_status":"closed","sticky":false,"template":"","format":"standard","meta":{"footnotes":""},"categories":[436,257,439],"tags":[],"class_list":["post-199501","post","type-post","status-publish","format-standard","has-post-thumbnail","hentry","category-destaque-da-semana","category-esporte","category-ultima-hora"],"_links":{"self":[{"href":"https:\/\/diarioregionaldigital.com.br\/index.php?rest_route=\/wp\/v2\/posts\/199501","targetHints":{"allow":["GET"]}}],"collection":[{"href":"https:\/\/diarioregionaldigital.com.br\/index.php?rest_route=\/wp\/v2\/posts"}],"about":[{"href":"https:\/\/diarioregionaldigital.com.br\/index.php?rest_route=\/wp\/v2\/types\/post"}],"author":[{"embeddable":true,"href":"https:\/\/diarioregionaldigital.com.br\/index.php?rest_route=\/wp\/v2\/users\/246"}],"replies":[{"embeddable":true,"href":"https:\/\/diarioregionaldigital.com.br\/index.php?rest_route=%2Fwp%2Fv2%2Fcomments&post=199501"}],"version-history":[{"count":1,"href":"https:\/\/diarioregionaldigital.com.br\/index.php?rest_route=\/wp\/v2\/posts\/199501\/revisions"}],"predecessor-version":[{"id":199503,"href":"https:\/\/diarioregionaldigital.com.br\/index.php?rest_route=\/wp\/v2\/posts\/199501\/revisions\/199503"}],"wp:featuredmedia":[{"embeddable":true,"href":"https:\/\/diarioregionaldigital.com.br\/index.php?rest_route=\/wp\/v2\/media\/199502"}],"wp:attachment":[{"href":"https:\/\/diarioregionaldigital.com.br\/index.php?rest_route=%2Fwp%2Fv2%2Fmedia&parent=199501"}],"wp:term":[{"taxonomy":"category","embeddable":true,"href":"https:\/\/diarioregionaldigital.com.br\/index.php?rest_route=%2Fwp%2Fv2%2Fcategories&post=199501"},{"taxonomy":"post_tag","embeddable":true,"href":"https:\/\/diarioregionaldigital.com.br\/index.php?rest_route=%2Fwp%2Fv2%2Ftags&post=199501"}],"curies":[{"name":"wp","href":"https:\/\/api.w.org\/{rel}","templated":true}]}}