{"id":199495,"date":"2022-05-26T19:55:03","date_gmt":"2022-05-26T22:55:03","guid":{"rendered":"https:\/\/diarioregionaldigital.com.br\/?p=199495"},"modified":"2022-05-26T19:55:03","modified_gmt":"2022-05-26T22:55:03","slug":"lateral-danilo-e-cortado-da-selecao-brasileira","status":"publish","type":"post","link":"https:\/\/diarioregionaldigital.com.br\/?p=199495","title":{"rendered":"Lateral Danilo \u00e9 cortado da sele\u00e7\u00e3o brasileira"},"content":{"rendered":"<p>A Confedera\u00e7\u00e3o Brasileira de Futebol (CBF)\u00a0<a href=\"https:\/\/www.cbf.com.br\/selecao-brasileira\/noticias\/selecao-masculina\/danilo-esta-desconvocado-da-selecao-brasileira\">anunciou<\/a>\u00a0nesta quarta-feira (25) que o lateral Danilo foi desconvocado da sele\u00e7\u00e3o brasileira para os amistosos contra a Coreia do Sul e o Jap\u00e3o, marcados para serem disputados, respectivamente, nos dias 2 e 6 de junho.<img decoding=\"async\" src=\"https:\/\/agenciabrasil.ebc.com.br\/ebc.png?id=1461941&amp;o=node\" \/><img decoding=\"async\" src=\"https:\/\/agenciabrasil.ebc.com.br\/ebc.gif?id=1461941&amp;o=node\" \/><\/p>\n<p>A raz\u00e3o da retirada do nome do jogador da Juventus (It\u00e1lia) da rela\u00e7\u00e3o de convocados foi uma les\u00e3o no p\u00e9 direito, que ainda n\u00e3o est\u00e1 plenamente curada.<\/p>\n<p>A sele\u00e7\u00e3o brasileira come\u00e7a a se reunir em Seul na pr\u00f3xima quinta-feira (26). Na capital da Coreia do Sul, o t\u00e9cnico Tite dar\u00e1 o primeiro treinamento na sexta-feira (27).<\/p>\n<p>Fonte: Ag\u00eancia Brasil<\/p>\n","protected":false},"excerpt":{"rendered":"<p>A Confedera\u00e7\u00e3o Brasileira de Futebol (CBF)\u00a0anunciou\u00a0nesta quarta-feira (25) que o lateral Danilo foi desconvocado da sele\u00e7\u00e3o brasileira para os amistosos contra a Coreia do Sul e o Jap\u00e3o, marcados para serem disputados, respectivamente, nos dias 2 e 6 de junho. A raz\u00e3o da retirada do nome do jogador da Juventus (It\u00e1lia) da rela\u00e7\u00e3o de convocados [&hellip;]<\/p>\n","protected":false},"author":246,"featured_media":199496,"comment_status":"closed","ping_status":"closed","sticky":false,"template":"","format":"standard","meta":{"footnotes":""},"categories":[436,440,257,439],"tags":[],"class_list":["post-199495","post","type-post","status-publish","format-standard","has-post-thumbnail","hentry","category-destaque-da-semana","category-destaques-do-dia","category-esporte","category-ultima-hora"],"_links":{"self":[{"href":"https:\/\/diarioregionaldigital.com.br\/index.php?rest_route=\/wp\/v2\/posts\/199495","targetHints":{"allow":["GET"]}}],"collection":[{"href":"https:\/\/diarioregionaldigital.com.br\/index.php?rest_route=\/wp\/v2\/posts"}],"about":[{"href":"https:\/\/diarioregionaldigital.com.br\/index.php?rest_route=\/wp\/v2\/types\/post"}],"author":[{"embeddable":true,"href":"https:\/\/diarioregionaldigital.com.br\/index.php?rest_route=\/wp\/v2\/users\/246"}],"replies":[{"embeddable":true,"href":"https:\/\/diarioregionaldigital.com.br\/index.php?rest_route=%2Fwp%2Fv2%2Fcomments&post=199495"}],"version-history":[{"count":1,"href":"https:\/\/diarioregionaldigital.com.br\/index.php?rest_route=\/wp\/v2\/posts\/199495\/revisions"}],"predecessor-version":[{"id":199497,"href":"https:\/\/diarioregionaldigital.com.br\/index.php?rest_route=\/wp\/v2\/posts\/199495\/revisions\/199497"}],"wp:featuredmedia":[{"embeddable":true,"href":"https:\/\/diarioregionaldigital.com.br\/index.php?rest_route=\/wp\/v2\/media\/199496"}],"wp:attachment":[{"href":"https:\/\/diarioregionaldigital.com.br\/index.php?rest_route=%2Fwp%2Fv2%2Fmedia&parent=199495"}],"wp:term":[{"taxonomy":"category","embeddable":true,"href":"https:\/\/diarioregionaldigital.com.br\/index.php?rest_route=%2Fwp%2Fv2%2Fcategories&post=199495"},{"taxonomy":"post_tag","embeddable":true,"href":"https:\/\/diarioregionaldigital.com.br\/index.php?rest_route=%2Fwp%2Fv2%2Ftags&post=199495"}],"curies":[{"name":"wp","href":"https:\/\/api.w.org\/{rel}","templated":true}]}}