{"id":199492,"date":"2022-05-26T19:45:24","date_gmt":"2022-05-26T22:45:24","guid":{"rendered":"https:\/\/diarioregionaldigital.com.br\/?p=199492"},"modified":"2022-05-26T19:45:24","modified_gmt":"2022-05-26T22:45:24","slug":"centro-socioeducativo-horto-coloca-no-ar-radio-de-variedades","status":"publish","type":"post","link":"https:\/\/diarioregionaldigital.com.br\/?p=199492","title":{"rendered":"Centro Socioeducativo Horto coloca \u201cno ar\u201d r\u00e1dio de variedades"},"content":{"rendered":"<p>Uma r\u00e1dio de variedades acaba de ser inaugurada no Centro Socioeducativo (CSE) Horto, em Belo Horizonte. \u00c9 a \u201cR\u00e1dio da Periferia \u2013 Os moleque que cria\u201d. O hor\u00e1rio de funcionamento \u00e9 restrito, ap\u00f3s o almo\u00e7o, enquanto os jovens descansam das atividades escolares, esportivas ou culturais, e das 21h \u00e0s 23h.<\/p>\n<p>A audi\u00eancia e a participa\u00e7\u00e3o, seja na produ\u00e7\u00e3o de entrevistas, m\u00fasicas, informa\u00e7\u00f5es e entretenimento, alcan\u00e7am grandes \u00edndices. Quase todos os jovens atuam na r\u00e1dio, e contam com a ajuda da dire\u00e7\u00e3o do CSE e dos monitores e auxiliares educacionais, idealizadores do projeto.<\/p>\n<p>Grande parte da programa\u00e7\u00e3o \u00e9 gravada, mas h\u00e1 alguns momentos ao vivo, com m\u00fasicas de diversos g\u00eaneros e bem variadas, entrevistas com colaboradores, servidores, parceiros e entre os pr\u00f3prios adolescentes. O projeto saiu do papel, ap\u00f3s muito empenho e dedica\u00e7\u00e3o da equipe do CSE Horto e dos adolescentes.<\/p>\n<p>O diretor da unidade socioeducativa, Andr\u00e9 Cadete, destaca a import\u00e2ncia das entrevistas feitas pelos jovens, pois eles colocam suas d\u00favidas, anseios e questionamentos nas conversas que v\u00e3o \u201cao ar\u201d. \u201cOs jovens t\u00eam participado ativamente. A r\u00e1dio \u00e9 um \u00f3timo meio de reinser\u00e7\u00e3o na sociedade, uma oportunidade de descoberta de talentos e de expressar sentimentos. Eles tocam m\u00fasicas escritas por eles, falam de poesia, de transforma\u00e7\u00e3o\u201d, vibra o diretor.<\/p>\n<p><strong>Din\u00e2mica<\/strong><\/p>\n<p>A utiliza\u00e7\u00e3o de caixas de som, j\u00e1 existentes no local, possibilita o funcionamento da r\u00e1dio. S\u00e3o seis caixas distribu\u00eddas estrategicamente em tr\u00eas n\u00facleos de alojamentos. Foi preciso apenas comprar os microfones, um pen drive e um headset, um conjunto de fone de ouvido com controle de volume e microfone acoplado.<\/p>\n<p>Na lideran\u00e7a da R\u00e1dio Periferia, destaca-se o locutor e programador Her\u00f3doto Silva*, um jovem de 17 anos, que fala r\u00e1pido e conquista os ouvintes. Antes de come\u00e7ar a cumprir medida socioeducativa, sintonizava o futebol na R\u00e1dio Itatiaia e m\u00fasica na BH FM, que escutava ao lado da m\u00e3e. \u201cColoco o que meus colegas pedem, tem m\u00fasica de todo tipo. O maior sucesso \u00e9 o \u2018ADL Pergunta\u2019, um programa de entrevistas feito pelos jovens e para a gente mesmo\u201d, conta Her\u00f3doto, que j\u00e1 se imagina trabalhando em uma grande r\u00e1dio.<\/p>\n<p>* Nome fict\u00edcio para preservar a identidade do adolescente, conforme recomenda\u00e7\u00e3o do Estatuto da Crian\u00e7a e do Adolescente (ECA).<\/p>\n<p>Fonte: Ag\u00eancia Minas<\/p>\n","protected":false},"excerpt":{"rendered":"<p>Uma r\u00e1dio de variedades acaba de ser inaugurada no Centro Socioeducativo (CSE) Horto, em Belo Horizonte. \u00c9 a \u201cR\u00e1dio da Periferia \u2013 Os moleque que cria\u201d. O hor\u00e1rio de funcionamento \u00e9 restrito, ap\u00f3s o almo\u00e7o, enquanto os jovens descansam das atividades escolares, esportivas ou culturais, e das 21h \u00e0s 23h. A audi\u00eancia e a participa\u00e7\u00e3o, [&hellip;]<\/p>\n","protected":false},"author":246,"featured_media":199493,"comment_status":"closed","ping_status":"closed","sticky":false,"template":"","format":"standard","meta":{"footnotes":""},"categories":[436,254,439],"tags":[],"class_list":["post-199492","post","type-post","status-publish","format-standard","has-post-thumbnail","hentry","category-destaque-da-semana","category-politica","category-ultima-hora"],"_links":{"self":[{"href":"https:\/\/diarioregionaldigital.com.br\/index.php?rest_route=\/wp\/v2\/posts\/199492","targetHints":{"allow":["GET"]}}],"collection":[{"href":"https:\/\/diarioregionaldigital.com.br\/index.php?rest_route=\/wp\/v2\/posts"}],"about":[{"href":"https:\/\/diarioregionaldigital.com.br\/index.php?rest_route=\/wp\/v2\/types\/post"}],"author":[{"embeddable":true,"href":"https:\/\/diarioregionaldigital.com.br\/index.php?rest_route=\/wp\/v2\/users\/246"}],"replies":[{"embeddable":true,"href":"https:\/\/diarioregionaldigital.com.br\/index.php?rest_route=%2Fwp%2Fv2%2Fcomments&post=199492"}],"version-history":[{"count":1,"href":"https:\/\/diarioregionaldigital.com.br\/index.php?rest_route=\/wp\/v2\/posts\/199492\/revisions"}],"predecessor-version":[{"id":199494,"href":"https:\/\/diarioregionaldigital.com.br\/index.php?rest_route=\/wp\/v2\/posts\/199492\/revisions\/199494"}],"wp:featuredmedia":[{"embeddable":true,"href":"https:\/\/diarioregionaldigital.com.br\/index.php?rest_route=\/wp\/v2\/media\/199493"}],"wp:attachment":[{"href":"https:\/\/diarioregionaldigital.com.br\/index.php?rest_route=%2Fwp%2Fv2%2Fmedia&parent=199492"}],"wp:term":[{"taxonomy":"category","embeddable":true,"href":"https:\/\/diarioregionaldigital.com.br\/index.php?rest_route=%2Fwp%2Fv2%2Fcategories&post=199492"},{"taxonomy":"post_tag","embeddable":true,"href":"https:\/\/diarioregionaldigital.com.br\/index.php?rest_route=%2Fwp%2Fv2%2Ftags&post=199492"}],"curies":[{"name":"wp","href":"https:\/\/api.w.org\/{rel}","templated":true}]}}