{"id":199489,"date":"2022-05-26T19:44:03","date_gmt":"2022-05-26T22:44:03","guid":{"rendered":"https:\/\/diarioregionaldigital.com.br\/?p=199489"},"modified":"2022-05-26T19:44:03","modified_gmt":"2022-05-26T22:44:03","slug":"governador-visita-em-muriae-escola-estadual-contemplada-com-recursos-do-maos-a-obra","status":"publish","type":"post","link":"https:\/\/diarioregionaldigital.com.br\/?p=199489","title":{"rendered":"Governador visita em Muria\u00e9 escola estadual contemplada com recursos do M\u00e3os \u00e0 Obra"},"content":{"rendered":"<p>O governador Romeu Zema esteve, nesta quinta-feira (26\/5), na Escola Estadual Desembargador Canedo, em Muria\u00e9, na Zona da Mata, onde viu de perto as reformas estruturais que deram uma nova cara \u00e0 institui\u00e7\u00e3o de ensino. Foram investidos R$ 871,3 mil do programa M\u00e3os \u00e0 Obra na Escola para reformar o telhado, que apresentava vazamentos e infiltra\u00e7\u00f5es, troca de pisos e forros danificados, somados \u00e0 instala\u00e7\u00e3o de um projeto de preven\u00e7\u00e3o e combate a inc\u00eandio e p\u00e2nico.<\/p>\n<p>Os recursos tamb\u00e9m foram aplicados na aquisi\u00e7\u00e3o de 275 novos conjuntos de carteiras, 24 computadores &#8211; que ser\u00e3o entregues at\u00e9 final de julho &#8211; e c\u00e2meras de seguran\u00e7a em cada sala, al\u00e9m de novos quadros. O pr\u00e9dio \u00e9 tombado como patrim\u00f4nio cultural pelo munic\u00edpio.<\/p>\n<p>\u201cPude ver de perto o uso do dinheiro para a reforma do pr\u00e9dio, troca do mobili\u00e1rio e dos equipamentos de inform\u00e1tica, e constatar que a escola realmente se transformou\u201d, afirmou o governador Romeu Zema, ap\u00f3s a visita \u00e0 escola guiada pelo diretor da institui\u00e7\u00e3o.<\/p>\n<p>\u201cS\u00e3o mais de 1.300 escolas reformadas pelo M\u00e3os \u00e0 Obra, com melhores merendas, com verba de custeio e manuten\u00e7\u00e3o para que o diretor da escola n\u00e3o precise fazer uma vaquinha quando uma l\u00e2mpada queima ou uma torneira estraga, como ocorria no passado\u201d, completou Zema.<\/p>\n<p><strong>Conquista<\/strong><\/p>\n<p>Para o diretor da escola, Wagner Rocha, a principal conquista com as obras foi a renova\u00e7\u00e3o das instala\u00e7\u00f5es el\u00e9tricas do espa\u00e7o. \u201cQuando assumi a dire\u00e7\u00e3o da escola, em 2019, um dos maiores problemas que tivemos foi durante a aplica\u00e7\u00e3o de uma avalia\u00e7\u00e3o externa, o Proeb (Avalia\u00e7\u00e3o da Rede P\u00fablica de Educa\u00e7\u00e3o B\u00e1sica), quando tivemos um pico de energia e os alunos tiveram que fazer a prova no escuro. Hoje a escola est\u00e1 com uma rede de internet nov\u00edssima, podemos dizer que estamos equiparados a uma escola particular\u201d, comemora o diretor do Deca, como \u00e9 carinhosamente chamada a escola a Desembargador Canedo.<\/p>\n<p>A mudan\u00e7a preferida de Jo\u00e3o Pedro Marcos Proc\u00f3pio, que cursa o 8\u00ba ano, foi outra. \u201cMelhorou muita coisa, o que eu mais gostei muito foi das carteiras novas, as antigas eram muito sujas\u201d, disse o estudante, f\u00e3 de Matem\u00e1tica e em seu terceiro ano no Deca.<\/p>\n<p><strong>Superando obst\u00e1culos<\/strong><\/p>\n<p>Datada de 1946, a Escola Estadual Desembargador Canedo funciona em um pr\u00e9dio tombado como patrim\u00f4nio cultural pelo munic\u00edpio, por isso as telhas precisaram ser retiradas e passar por uma limpeza, e n\u00e3o por troca. O local recebe 561 estudantes do 6\u00ba ao 9\u00ba ano do Ensino Fundamental &#8211; duas turmas s\u00e3o em tempo integral -, al\u00e9m de oferecer turmas de refor\u00e7o para 69 alunos. \u00c0 noite a unidade tamb\u00e9m recebe 93 estudantes da Educa\u00e7\u00e3o de Jovens e Adultos (EJA).<\/p>\n<p><strong>M\u00e3os \u00e0 Obra nas Escolas<\/strong><\/p>\n<p>Dividido em seis etapas, com a \u00faltima tendo sido iniciada em dezembro de 2021, o programa M\u00e3os \u00e0 Obra nas Escolas representa o maior investimento feito por uma gest\u00e3o do Estado em infraestrutura das unidades de ensino de Minas Gerais, com mais de R$ 382 milh\u00f5es empregados em 2.158 obras de 1.326 institui\u00e7\u00f5es, a partir de crit\u00e9rios t\u00e9cnicos, observando a urg\u00eancia e o estado cr\u00edtico das instala\u00e7\u00f5es. Entre as interven\u00e7\u00f5es est\u00e3o constru\u00e7\u00e3o de muros, reforma de telhados, banheiros, cozinha, refeit\u00f3rios, rede el\u00e9trica, refor\u00e7o estrutural de salas de aula, substitui\u00e7\u00e3o de portas e reforma geral de instala\u00e7\u00f5es.<\/p>\n<p>Em Muria\u00e9, foram destinados R$ 2,5 milh\u00f5es para 16 obras em sete escolas. Os investimentos para a \u00e1rea de abrang\u00eancia da Superintend\u00eancia Regional de ensino de Muria\u00e9 pelo M\u00e3os \u00e0 Obras ultrapassam R$ 4,5 milh\u00f5es.<\/p>\n<p>Fonte: Ag\u00eancia Minas<\/p>\n","protected":false},"excerpt":{"rendered":"<p>O governador Romeu Zema esteve, nesta quinta-feira (26\/5), na Escola Estadual Desembargador Canedo, em Muria\u00e9, na Zona da Mata, onde viu de perto as reformas estruturais que deram uma nova cara \u00e0 institui\u00e7\u00e3o de ensino. Foram investidos R$ 871,3 mil do programa M\u00e3os \u00e0 Obra na Escola para reformar o telhado, que apresentava vazamentos e [&hellip;]<\/p>\n","protected":false},"author":246,"featured_media":199490,"comment_status":"closed","ping_status":"closed","sticky":false,"template":"","format":"standard","meta":{"footnotes":""},"categories":[436,254,439],"tags":[],"class_list":["post-199489","post","type-post","status-publish","format-standard","has-post-thumbnail","hentry","category-destaque-da-semana","category-politica","category-ultima-hora"],"_links":{"self":[{"href":"https:\/\/diarioregionaldigital.com.br\/index.php?rest_route=\/wp\/v2\/posts\/199489","targetHints":{"allow":["GET"]}}],"collection":[{"href":"https:\/\/diarioregionaldigital.com.br\/index.php?rest_route=\/wp\/v2\/posts"}],"about":[{"href":"https:\/\/diarioregionaldigital.com.br\/index.php?rest_route=\/wp\/v2\/types\/post"}],"author":[{"embeddable":true,"href":"https:\/\/diarioregionaldigital.com.br\/index.php?rest_route=\/wp\/v2\/users\/246"}],"replies":[{"embeddable":true,"href":"https:\/\/diarioregionaldigital.com.br\/index.php?rest_route=%2Fwp%2Fv2%2Fcomments&post=199489"}],"version-history":[{"count":1,"href":"https:\/\/diarioregionaldigital.com.br\/index.php?rest_route=\/wp\/v2\/posts\/199489\/revisions"}],"predecessor-version":[{"id":199491,"href":"https:\/\/diarioregionaldigital.com.br\/index.php?rest_route=\/wp\/v2\/posts\/199489\/revisions\/199491"}],"wp:featuredmedia":[{"embeddable":true,"href":"https:\/\/diarioregionaldigital.com.br\/index.php?rest_route=\/wp\/v2\/media\/199490"}],"wp:attachment":[{"href":"https:\/\/diarioregionaldigital.com.br\/index.php?rest_route=%2Fwp%2Fv2%2Fmedia&parent=199489"}],"wp:term":[{"taxonomy":"category","embeddable":true,"href":"https:\/\/diarioregionaldigital.com.br\/index.php?rest_route=%2Fwp%2Fv2%2Fcategories&post=199489"},{"taxonomy":"post_tag","embeddable":true,"href":"https:\/\/diarioregionaldigital.com.br\/index.php?rest_route=%2Fwp%2Fv2%2Ftags&post=199489"}],"curies":[{"name":"wp","href":"https:\/\/api.w.org\/{rel}","templated":true}]}}