{"id":199485,"date":"2022-05-26T19:41:34","date_gmt":"2022-05-26T22:41:34","guid":{"rendered":"https:\/\/diarioregionaldigital.com.br\/?p=199485"},"modified":"2022-05-26T19:41:34","modified_gmt":"2022-05-26T22:41:34","slug":"setor-agropecuario-discute-formas-de-reducao-dos-impactos-das-mudancas-climaticas-na-agricultura","status":"publish","type":"post","link":"https:\/\/diarioregionaldigital.com.br\/?p=199485","title":{"rendered":"Setor agropecu\u00e1rio discute formas de redu\u00e7\u00e3o dos impactos das mudan\u00e7as clim\u00e1ticas na agricultura"},"content":{"rendered":"<p>Os efeitos das mudan\u00e7as clim\u00e1ticas no planeta t\u00eam se tornado uma preocupa\u00e7\u00e3o em todo o mundo. Nesta quinta-feira (26\/5), a\u00a0<a href=\"https:\/\/www.emater.mg.gov.br\/\" target=\"_blank\" rel=\"noopener\">Empresa de Assist\u00eancia T\u00e9cnica e Extens\u00e3o Rural do Estado de Minas Gerais (Emater-MG)<\/a>\u00a0realizou o semin\u00e1rio online \u201cAgricultura de Baixo Carbono \u2013 Perspectivas e Oportunidades\u201d, que contou com a participa\u00e7\u00e3o de especialistas no assunto e trouxe v\u00e1rias informa\u00e7\u00f5es para os produtores rurais e profissionais do setor agropecu\u00e1rio.<\/p>\n<p>\u201cEssa tem\u00e1tica tem dominado as discuss\u00f5es mundiais. Infelizmente, as mudan\u00e7as clim\u00e1ticas est\u00e3o nos afetando diretamente todos os dias. S\u00f3 nos \u00faltimos 12 meses, em Minas Gerais, enfrentamos estiagem, geada, chuva de granizo e enchentes. Isso demonstra a import\u00e2ncia de tratarmos do assunto e trazer ao debate solu\u00e7\u00f5es e perspectivas para a nossa agropecu\u00e1ria, pois temos de nos preocupar em produzir de forma sustent\u00e1vel\u201d, salientou o diretor-presidente da Emater-MG, Ot\u00e1vio Maia, na abertura.<\/p>\n<p><strong>Balan\u00e7o da d\u00e9cada<\/strong><\/p>\n<p>Na primeira palestra do semin\u00e1rio, o auditor fiscal agropecu\u00e1rio do Minist\u00e9rio da Agricultura, Fernando Ant\u00f4nio de Souza, fez um balan\u00e7o das a\u00e7\u00f5es realizadas na \u00faltima d\u00e9cada no estado, dentro do Plano ABC (Agricultura de Baixo Carbono). O programa federal estimula a ado\u00e7\u00e3o das tecnologias de produ\u00e7\u00e3o sustent\u00e1veis que contribuam na redu\u00e7\u00e3o das emiss\u00f5es dos gases de efeito estufa. \u201cEstamos fazendo uma revis\u00e3o do plano e lan\u00e7ando o Plano ABC+ (2021-2030), que al\u00e9m de linha de cr\u00e9dito para essas pr\u00e1ticas, inclui uma an\u00e1lise da paisagem, entre outras ferramentas tecnol\u00f3gicas para que os produtores possam lidar melhor com as adversidades clim\u00e1ticas\u201d, explicou.<\/p>\n<p>O especialista tamb\u00e9m ressaltou que, em Minas Gerais, o Plano ABC+ tem 26 institui\u00e7\u00f5es parceiras, dentre elas a Emater-MG. Ele mostrou alguns n\u00fameros sobre os \u00faltimos dez anos do projeto no estado como a quantidade de financiamentos do Plano ABC, que chegaram a 10.558 contratos (R$ 3 bilh\u00f5es) na \u00faltima d\u00e9cada em Minas Gerais, representando 17,80% do total de contratos feitos no Brasil (aproximadamente R$ 20 bilh\u00f5es). \u201cJ\u00e1 as capacita\u00e7\u00f5es de profissionais sobre o Plano ABC atingiram 118.987 pessoas no Brasil, de 2011 a 2020, sendo 45.773 participantes em Minas Gerais, o que corresponde a 38,47% das capacita\u00e7\u00f5es\u201d, disse o auditor.<\/p>\n<p><strong>Agropecu\u00e1ria moderna e sustent\u00e1vel<\/strong><\/p>\n<p>Mas, se as mudan\u00e7as clim\u00e1ticas est\u00e3o se tornando um grande desafio para o agroneg\u00f3cio, o pesquisador da Empresa Brasileira de Pesquisa Agropecu\u00e1ria (Embrapa), Miguel Marques Neto, por outro lado, trouxe boas not\u00edcias em seu painel. \u201cA sociedade exige, hoje, sistemas de produ\u00e7\u00e3o modernos. Temos que produzir de forma eficiente, barata e prestando um servi\u00e7o para a melhoria do ecossistema. Mas o Brasil tem essas tecnologias e foi esse passo a frente, que permitiu ao pa\u00eds assumir compromissos relevantes nos f\u00f3runs mundiais\u201d, garantiu o pesquisador.<\/p>\n<p>Miguel falou das tecnologias do Plano ABC e suas vantagens como o plantio direto, os sistemas de integra\u00e7\u00e3o Lavoura-pecu\u00e1ria (ILP) e Lavoura-pecu\u00e1ria-floresta (ILPF), o tratamento de dejetos, a recupera\u00e7\u00e3o de pastagens e outros. \u201cNa pecu\u00e1ria, por exemplo, podemos recuperar muitas \u00e1reas pastagens e utilizar a floresta, via ILPF, para neutralizar a emiss\u00e3o de metano dos bovinos, al\u00e9m de reduzir o tempo de termina\u00e7\u00e3o dos animais\u201d, citou.<\/p>\n<p>O pesquisador salienta ainda que n\u00e3o s\u00e3o t\u00e9cnicas de dif\u00edcil implementa\u00e7\u00e3o e muitos produtores j\u00e1 est\u00e3o usando nas suas propriedades. \u201cO desafio \u00e9 ampliar a escala de ado\u00e7\u00e3o dessas t\u00e9cnicas para elas chegarem ao maior n\u00famero de produtores e nisso a extens\u00e3o rural tem um papel importante de levar conhecimento ao agricultor\u201d, disse Miguel.<\/p>\n<p><strong>Cr\u00e9dito de carbono<\/strong><\/p>\n<p>Outra informa\u00e7\u00e3o relevante \u00e9 a possibilidade do produtor ser remunerado pela presta\u00e7\u00e3o de servi\u00e7os ambientais como mostrou o professor Fernando Caixeta Lisboa, do Instituto Federal do Tri\u00e2ngulo Mineiro (IFTM) na palestra final, \u201cMercados de Carbono e os seus mecanismos\u201d.<\/p>\n<p>Membro da Alian\u00e7a Brasileira de Pesquisa em Finan\u00e7as e Investimentos Sustent\u00e1veis (Brasfi), Caixeta explicou que em negocia\u00e7\u00f5es internacionais foi estabelecido um mercado regulado de cr\u00e9dito de carbonos. \u201cO cr\u00e9dito de carbono \u00e9 uma atribui\u00e7\u00e3o monet\u00e1ria para a redu\u00e7\u00e3o de emiss\u00e3o de CO2 (di\u00f3xido de carbono)\u00a0na atmosfera. Uma organiza\u00e7\u00e3o que emite os gases pode pagar outra que gera cr\u00e9ditos para neutraliz\u00e1-los. A cada uma tonelada m\u00e9trica de CO2 n\u00e3o emitida \u00e9 gerado um cr\u00e9dito de carbono\u201d, explicou.<\/p>\n<p>Segundo o professor, a tend\u00eancia \u00e9 que esse mercado de carbono cres\u00e7a bastante nos pr\u00f3ximos anos, trazendo boas oportunidades para os produtores rurais.<\/p>\n<p>O semin\u00e1rio \u201cAgricultura de Baixo Carbono \u2013 Perspectivas e Oportunidades\u201d pode ser assistido na \u00edntegra pelo\u00a0<a href=\"https:\/\/www.youtube.com\/watch?v=fAoWLcZD57w\" target=\"_blank\" rel=\"noopener\">canal da Emater-MG no Youtube<\/a>.<\/p>\n<p><span style=\"font-weight: 400;\">Fonte: Ag\u00eancia Minas <\/span><\/p>\n","protected":false},"excerpt":{"rendered":"<p>Os efeitos das mudan\u00e7as clim\u00e1ticas no planeta t\u00eam se tornado uma preocupa\u00e7\u00e3o em todo o mundo. Nesta quinta-feira (26\/5), a\u00a0Empresa de Assist\u00eancia T\u00e9cnica e Extens\u00e3o Rural do Estado de Minas Gerais (Emater-MG)\u00a0realizou o semin\u00e1rio online \u201cAgricultura de Baixo Carbono \u2013 Perspectivas e Oportunidades\u201d, que contou com a participa\u00e7\u00e3o de especialistas no assunto e trouxe v\u00e1rias [&hellip;]<\/p>\n","protected":false},"author":246,"featured_media":199486,"comment_status":"closed","ping_status":"closed","sticky":false,"template":"","format":"standard","meta":{"footnotes":""},"categories":[436,254,439],"tags":[],"class_list":["post-199485","post","type-post","status-publish","format-standard","has-post-thumbnail","hentry","category-destaque-da-semana","category-politica","category-ultima-hora"],"_links":{"self":[{"href":"https:\/\/diarioregionaldigital.com.br\/index.php?rest_route=\/wp\/v2\/posts\/199485","targetHints":{"allow":["GET"]}}],"collection":[{"href":"https:\/\/diarioregionaldigital.com.br\/index.php?rest_route=\/wp\/v2\/posts"}],"about":[{"href":"https:\/\/diarioregionaldigital.com.br\/index.php?rest_route=\/wp\/v2\/types\/post"}],"author":[{"embeddable":true,"href":"https:\/\/diarioregionaldigital.com.br\/index.php?rest_route=\/wp\/v2\/users\/246"}],"replies":[{"embeddable":true,"href":"https:\/\/diarioregionaldigital.com.br\/index.php?rest_route=%2Fwp%2Fv2%2Fcomments&post=199485"}],"version-history":[{"count":2,"href":"https:\/\/diarioregionaldigital.com.br\/index.php?rest_route=\/wp\/v2\/posts\/199485\/revisions"}],"predecessor-version":[{"id":199488,"href":"https:\/\/diarioregionaldigital.com.br\/index.php?rest_route=\/wp\/v2\/posts\/199485\/revisions\/199488"}],"wp:featuredmedia":[{"embeddable":true,"href":"https:\/\/diarioregionaldigital.com.br\/index.php?rest_route=\/wp\/v2\/media\/199486"}],"wp:attachment":[{"href":"https:\/\/diarioregionaldigital.com.br\/index.php?rest_route=%2Fwp%2Fv2%2Fmedia&parent=199485"}],"wp:term":[{"taxonomy":"category","embeddable":true,"href":"https:\/\/diarioregionaldigital.com.br\/index.php?rest_route=%2Fwp%2Fv2%2Fcategories&post=199485"},{"taxonomy":"post_tag","embeddable":true,"href":"https:\/\/diarioregionaldigital.com.br\/index.php?rest_route=%2Fwp%2Fv2%2Ftags&post=199485"}],"curies":[{"name":"wp","href":"https:\/\/api.w.org\/{rel}","templated":true}]}}