{"id":199482,"date":"2022-05-26T19:31:37","date_gmt":"2022-05-26T22:31:37","guid":{"rendered":"https:\/\/diarioregionaldigital.com.br\/?p=199482"},"modified":"2022-05-26T19:31:37","modified_gmt":"2022-05-26T22:31:37","slug":"covid-19-minas-gerais-nao-preve-quarta-onda","status":"publish","type":"post","link":"https:\/\/diarioregionaldigital.com.br\/?p=199482","title":{"rendered":"Covid-19: Minas Gerais n\u00e3o prev\u00ea quarta onda"},"content":{"rendered":"<p>Mesmo com o aumento do n\u00famero de casos de covid-19 em algumas regi\u00f5es do estado, o secret\u00e1rio de Estado de\u00a0<a href=\"https:\/\/www.saude.mg.gov.br\/\" target=\"_blank\" rel=\"noopener\">Sa\u00fade<\/a>, o m\u00e9dico F\u00e1bio Baccheretti, informou que Minas Gerais n\u00e3o dever\u00e1 passar pela quarta onda da doen\u00e7a, mas alertou, mais uma vez, sobre a import\u00e2ncia da vacina\u00e7\u00e3o contra a doen\u00e7a. Durante coletiva realizada hoje, 26\/5, na Cidade Administrativa, em Belo Horizonte, Baccheretti refor\u00e7ou que a imuniza\u00e7\u00e3o \u00e9 a estrat\u00e9gia mais eficaz para manter o controle da pandemia.<\/p>\n<p>\u201cA vacina \u00e9 a principal arma contra a doen\u00e7a. \u00c9 necess\u00e1rio que as pessoas se conscientizem sobre a import\u00e2ncia de completar o esquema vacinal. Precisamos ampliar ainda mais a cobertura e a administra\u00e7\u00e3o de doses de refor\u00e7o, porque a imuniza\u00e7\u00e3o \u00e9 a forma mais eficaz e segura de se restringir a circula\u00e7\u00e3o do v\u00edrus e reduzir o n\u00famero de novos casos, de interna\u00e7\u00f5es e de \u00f3bitos\u201d, alertou o secret\u00e1rio.<\/p>\n<p>Em Minas Gerais, at\u00e9 o momento, 17.885.652 pessoas acima de cinco anos de idade tomaram a primeira dose da vacina contra a covid e 16.600.859 tomaram a segunda dose e a dose \u00fanica. Isso representa uma cobertura vacinal de 89% e 82%, para D1 e D2, respectivamente.\u00a0 A cobertura de primeira dose de refor\u00e7o para as pessoas acima de 18 anos est\u00e1 em 57,33% e para a segunda dose de refor\u00e7o em pessoas acima de 60 anos est\u00e1 em 21,79%.<\/p>\n<p>Entre as crian\u00e7as de 5 a 11 anos em Minas, segundo dados do sistema oficial do Minist\u00e9rio da Sa\u00fade, o OpenDataSUS, a cobertura vacinal est\u00e1 em 70% para primeira dose e 35% para segunda dose, em uma popula\u00e7\u00e3o estimada de 1.870.098 crian\u00e7as.<\/p>\n<p>\u201cCerca de 540 mil crian\u00e7as n\u00e3o tomaram a segunda dose. Por isso \u00e9 importante frisar, mais uma vez, que s\u00e3o necess\u00e1rias duas doses de vacina para garantir a prote\u00e7\u00e3o contra a doen\u00e7a. Os pais que ainda n\u00e3o levaram suas crian\u00e7as aos postos de sa\u00fade, devem fazer isso o quanto antes\u201d, pediu o m\u00e9dico.<\/p>\n<p><strong>Cen\u00e1rio epidemiol\u00f3gico<br \/>\n<\/strong><\/p>\n<p>Segundo o secret\u00e1rio, embora os n\u00fameros de casos novos de covid-19 tenham apresentado um leve aumento, n\u00e3o houve crescimento das taxas de interna\u00e7\u00f5es e \u00f3bitos.<\/p>\n<p>\u201cA covid-19 possui agora uma caracter\u00edstica sazonal. A pandemia est\u00e1 controlada. Por\u00e9m, nesta \u00e9poca do ano, com a chegada do clima frio, \u00e9 esperado o aumento de registros de doen\u00e7as respirat\u00f3rias em fun\u00e7\u00e3o da sazonalidade. Apesar do aumento de casos, n\u00e3o h\u00e1 um reflexo nos n\u00fameros de \u00f3bitos e nas taxas de interna\u00e7\u00e3o\u201d, explicou.<\/p>\n<p>A SES-MG segue avaliando regionalmente os indicadores, tanto de casos novos, quanto de interna\u00e7\u00f5es.<\/p>\n<p><strong>Campanha contra a gripe e sarampo<\/strong><\/p>\n<p>A campanha de imuniza\u00e7\u00e3o contra gripe e sarampo, que come\u00e7ou em abril e termina no dia 3\/6, ainda n\u00e3o atingiu a meta recomendada de imunizar 90% do p\u00fablico alvo. A a\u00e7\u00e3o mobiliza todos os munic\u00edpios mineiros.<\/p>\n<p>De acordo com o painel do Minist\u00e9rio da Sa\u00fade, at\u00e9 26\/5 a cobertura vacinal contra o sarampo \u00e9 de apenas 34,5% das crian\u00e7as com idade de 6 meses a menores de 5 anos de idade e 37% dos trabalhadores da sa\u00fade em Minas. O p\u00fablico estimado para receber as doses do imunizante \u00e9 de 1.165.916 e 606.091 pessoas, respectivamente.<\/p>\n<p>J\u00e1 em rela\u00e7\u00e3o \u00e0 vacina\u00e7\u00e3o contra a gripe, os dados do painel apontam, at\u00e9 a mesma data, a cobertura de 46,5% no grupo de pessoas com 60 anos ou mais de idade, 47,2% entre os trabalhadores da sa\u00fade e somente 23% entre as crian\u00e7as de 6 meses a menores de 5 anos de idade. O p\u00fablico total estimado para receber as doses contra a gripe durante toda a campanha \u00e9 de 8.299.488 pessoas.<\/p>\n<p>\u201cQuem ainda n\u00e3o se vacinou e pertence aos grupos eleg\u00edveis para a campanha deve procurar os postos de sa\u00fade. A gripe est\u00e1 em per\u00edodo sazonal e pode gerar complica\u00e7\u00f5es, at\u00e9 mesmo \u00f3bitos\u201d, alerta o secret\u00e1rio Baccheretti.<\/p>\n<p><strong>Outras vacinas<\/strong><\/p>\n<p>Na oportunidade, Baccheretti falou da import\u00e2ncia de manter todo o calend\u00e1rio vacinal em dia para evitar que doen\u00e7as imunopreven\u00edveis retornem. Desde 2020, o estado tem observado uma queda nos \u00edndices de cobertura vacinal infantil.<\/p>\n<p>Segundo o secret\u00e1rio, vacinas como a poliomielite e a tr\u00edplice viral est\u00e3o com administra\u00e7\u00e3o abaixo do esperado em crian\u00e7as com menos de 1 ano de idade, girando em torno de 70% de cobertura. A meta preconizada pelo Minist\u00e9rio da Sa\u00fade para o calend\u00e1rio infantil \u00e9 de 95% de cobertura.<\/p>\n<p>Por isso, o estado tem realizado uma s\u00e9rie de medidas para refor\u00e7ar a vacina\u00e7\u00e3o de rotina dos demais imunizantes do calend\u00e1rio anual em crian\u00e7as.<\/p>\n<p>\u201cO governo estadual tem orientado os munic\u00edpios a fazer busca ativa dos grupos. Tamb\u00e9m temos recomendado a realiza\u00e7\u00e3o de estrat\u00e9gias de vacina\u00e7\u00e3o que extrapolam as salas de vacinas, com a realiza\u00e7\u00e3o de vacina\u00e7\u00e3o em pra\u00e7as, rodovi\u00e1rias e outros locais de circula\u00e7\u00e3o cotidiana. Isto \u00e9 o que o estado pode fazer pelas pessoas, mas \u00e9 necess\u00e1rio que os pais levem as crian\u00e7as para se vacinar\u201d, enfatizou.<\/p>\n<p>Al\u00e9m disso, o estado tem contado com o apoio do Grupo de An\u00e1lise e Monitoramento da Vacina\u00e7\u00e3o (Gamov) que atua diretamente nos munic\u00edpios mineiros, orientando e buscando solu\u00e7\u00f5es para aumentar as coberturas vacinais.<\/p>\n<p>Saiba mais em\u00a0<a href=\"https:\/\/saude.mg.gov.br\/component\/gmg\/story\/16955-minas-gerais-reforca-estrategias-para-ampliar-vacinacao-infantil-no-estado\" target=\"_blank\" rel=\"noopener\">https:\/\/saude.mg.gov.br\/component\/gmg\/story\/16955-minas-gerais-reforca-estrategias-para-ampliar-vacinacao-infantil-no-estado<\/a><\/p>\n<p>Fonte: Ag\u00eancia Minas<\/p>\n<p>&nbsp;<\/p>\n","protected":false},"excerpt":{"rendered":"<p>Mesmo com o aumento do n\u00famero de casos de covid-19 em algumas regi\u00f5es do estado, o secret\u00e1rio de Estado de\u00a0Sa\u00fade, o m\u00e9dico F\u00e1bio Baccheretti, informou que Minas Gerais n\u00e3o dever\u00e1 passar pela quarta onda da doen\u00e7a, mas alertou, mais uma vez, sobre a import\u00e2ncia da vacina\u00e7\u00e3o contra a doen\u00e7a. Durante coletiva realizada hoje, 26\/5, na [&hellip;]<\/p>\n","protected":false},"author":246,"featured_media":199483,"comment_status":"closed","ping_status":"closed","sticky":false,"template":"","format":"standard","meta":{"footnotes":""},"categories":[436,440,254,439],"tags":[],"class_list":["post-199482","post","type-post","status-publish","format-standard","has-post-thumbnail","hentry","category-destaque-da-semana","category-destaques-do-dia","category-politica","category-ultima-hora"],"_links":{"self":[{"href":"https:\/\/diarioregionaldigital.com.br\/index.php?rest_route=\/wp\/v2\/posts\/199482","targetHints":{"allow":["GET"]}}],"collection":[{"href":"https:\/\/diarioregionaldigital.com.br\/index.php?rest_route=\/wp\/v2\/posts"}],"about":[{"href":"https:\/\/diarioregionaldigital.com.br\/index.php?rest_route=\/wp\/v2\/types\/post"}],"author":[{"embeddable":true,"href":"https:\/\/diarioregionaldigital.com.br\/index.php?rest_route=\/wp\/v2\/users\/246"}],"replies":[{"embeddable":true,"href":"https:\/\/diarioregionaldigital.com.br\/index.php?rest_route=%2Fwp%2Fv2%2Fcomments&post=199482"}],"version-history":[{"count":1,"href":"https:\/\/diarioregionaldigital.com.br\/index.php?rest_route=\/wp\/v2\/posts\/199482\/revisions"}],"predecessor-version":[{"id":199484,"href":"https:\/\/diarioregionaldigital.com.br\/index.php?rest_route=\/wp\/v2\/posts\/199482\/revisions\/199484"}],"wp:featuredmedia":[{"embeddable":true,"href":"https:\/\/diarioregionaldigital.com.br\/index.php?rest_route=\/wp\/v2\/media\/199483"}],"wp:attachment":[{"href":"https:\/\/diarioregionaldigital.com.br\/index.php?rest_route=%2Fwp%2Fv2%2Fmedia&parent=199482"}],"wp:term":[{"taxonomy":"category","embeddable":true,"href":"https:\/\/diarioregionaldigital.com.br\/index.php?rest_route=%2Fwp%2Fv2%2Fcategories&post=199482"},{"taxonomy":"post_tag","embeddable":true,"href":"https:\/\/diarioregionaldigital.com.br\/index.php?rest_route=%2Fwp%2Fv2%2Ftags&post=199482"}],"curies":[{"name":"wp","href":"https:\/\/api.w.org\/{rel}","templated":true}]}}