{"id":199479,"date":"2022-05-26T19:24:01","date_gmt":"2022-05-26T22:24:01","guid":{"rendered":"https:\/\/diarioregionaldigital.com.br\/?p=199479"},"modified":"2022-05-26T19:24:01","modified_gmt":"2022-05-26T22:24:01","slug":"petrobras-conselho-define-passos-para-a-posse-do-novo-presidente","status":"publish","type":"post","link":"https:\/\/diarioregionaldigital.com.br\/?p=199479","title":{"rendered":"Petrobras: conselho define passos para a posse do novo presidente"},"content":{"rendered":"<p>O Conselho de Administra\u00e7\u00e3o da Petrobras se reuniu, nesta quarta-feira (25), para definir o processo de posse de Caio Mario Paes de Andrade,\u00a0<a href=\"https:\/\/agenciabrasil.ebc.com.br\/economia\/noticia\/2022-05\/governo-federal-troca-presidente-da-petrobras\" target=\"_blank\" rel=\"noopener\">indicado pelo governo<\/a>\u00a0para ocupar a presid\u00eancia da estatal. Ele passar\u00e1 por v\u00e1rias etapas e, se aprovado, suceder\u00e1 Jos\u00e9 Mauro Ferreira Coelho.<img decoding=\"async\" src=\"https:\/\/agenciabrasil.ebc.com.br\/ebc.png?id=1461935&amp;o=node\" \/><img decoding=\"async\" src=\"https:\/\/agenciabrasil.ebc.com.br\/ebc.gif?id=1461935&amp;o=node\" \/><\/p>\n<p>Segundo delibera\u00e7\u00e3o do conselho comunicada ao mercado, a indica\u00e7\u00e3o de Andrade ser\u00e1 submetida ao processo de governan\u00e7a interna, observada a Pol\u00edtica de Indica\u00e7\u00e3o de Membros da Alta Administra\u00e7\u00e3o, para a an\u00e1lise dos requisitos legais e de gest\u00e3o e integridade e, posterior, manifesta\u00e7\u00e3o do Comit\u00ea de Pessoas.<\/p>\n<p>Ap\u00f3s essa etapa, em raz\u00e3o de Ferreira Coelho ter sido eleito na assembleia geral ordin\u00e1ria de 13 de abril \u00faltimo, e de a sua destitui\u00e7\u00e3o, caso aprovada em assembleia geral extraordin\u00e1ria (AGE), acarretar a destitui\u00e7\u00e3o dos demais membros do conselho eleitos pelo mesmo processo, a convoca\u00e7\u00e3o da nova AGE pressup\u00f5e o envio das indica\u00e7\u00f5es dos demais sete membros para o Conselho de Administra\u00e7\u00e3o.<\/p>\n<p>Tamb\u00e9m ser\u00e1 necess\u00e1ria a manifesta\u00e7\u00e3o do Comit\u00ea de Pessoas sobre o enquadramento dos indicados aos requisitos e \u00e0s veda\u00e7\u00f5es legais, regulamentares e estatut\u00e1rias, para que seja inclu\u00edda na proposta da administra\u00e7\u00e3o para a realiza\u00e7\u00e3o de uma AGE.<\/p>\n<p>\u201cAp\u00f3s as mencionadas etapas, o conselho se reunir\u00e1 novamente para deliberar sobre a convoca\u00e7\u00e3o da AGE com as seguintes mat\u00e9rias: destitui\u00e7\u00e3o do Sr. Jos\u00e9 Mauro Ferreira Coelho do cargo de membro do Conselho de Administra\u00e7\u00e3o da Petrobras, a qual, se aprovada, demandar\u00e1 a elei\u00e7\u00e3o de oito membros do Conselho de Administra\u00e7\u00e3o da Petrobras e a elei\u00e7\u00e3o do Presidente do Conselho de Administra\u00e7\u00e3o da Petrobras\u201d, destacou a estatal.<\/p>\n<p>A companhia esclareceu que todas as suas assembleias gerais est\u00e3o sujeitas ao prazo m\u00ednimo de 30 dias entre a convoca\u00e7\u00e3o e a realiza\u00e7\u00e3o, em raz\u00e3o de ser emissora de a\u00e7\u00f5es que servem de lastro para American Depositary Receipts (ADRs).<\/p>\n<p>Fonte: Ag\u00eancia Brasil<\/p>\n","protected":false},"excerpt":{"rendered":"<p>O Conselho de Administra\u00e7\u00e3o da Petrobras se reuniu, nesta quarta-feira (25), para definir o processo de posse de Caio Mario Paes de Andrade,\u00a0indicado pelo governo\u00a0para ocupar a presid\u00eancia da estatal. Ele passar\u00e1 por v\u00e1rias etapas e, se aprovado, suceder\u00e1 Jos\u00e9 Mauro Ferreira Coelho. Segundo delibera\u00e7\u00e3o do conselho comunicada ao mercado, a indica\u00e7\u00e3o de Andrade ser\u00e1 [&hellip;]<\/p>\n","protected":false},"author":246,"featured_media":199480,"comment_status":"closed","ping_status":"closed","sticky":false,"template":"","format":"standard","meta":{"footnotes":""},"categories":[436,261,439],"tags":[],"class_list":["post-199479","post","type-post","status-publish","format-standard","has-post-thumbnail","hentry","category-destaque-da-semana","category-economia","category-ultima-hora"],"_links":{"self":[{"href":"https:\/\/diarioregionaldigital.com.br\/index.php?rest_route=\/wp\/v2\/posts\/199479","targetHints":{"allow":["GET"]}}],"collection":[{"href":"https:\/\/diarioregionaldigital.com.br\/index.php?rest_route=\/wp\/v2\/posts"}],"about":[{"href":"https:\/\/diarioregionaldigital.com.br\/index.php?rest_route=\/wp\/v2\/types\/post"}],"author":[{"embeddable":true,"href":"https:\/\/diarioregionaldigital.com.br\/index.php?rest_route=\/wp\/v2\/users\/246"}],"replies":[{"embeddable":true,"href":"https:\/\/diarioregionaldigital.com.br\/index.php?rest_route=%2Fwp%2Fv2%2Fcomments&post=199479"}],"version-history":[{"count":1,"href":"https:\/\/diarioregionaldigital.com.br\/index.php?rest_route=\/wp\/v2\/posts\/199479\/revisions"}],"predecessor-version":[{"id":199481,"href":"https:\/\/diarioregionaldigital.com.br\/index.php?rest_route=\/wp\/v2\/posts\/199479\/revisions\/199481"}],"wp:featuredmedia":[{"embeddable":true,"href":"https:\/\/diarioregionaldigital.com.br\/index.php?rest_route=\/wp\/v2\/media\/199480"}],"wp:attachment":[{"href":"https:\/\/diarioregionaldigital.com.br\/index.php?rest_route=%2Fwp%2Fv2%2Fmedia&parent=199479"}],"wp:term":[{"taxonomy":"category","embeddable":true,"href":"https:\/\/diarioregionaldigital.com.br\/index.php?rest_route=%2Fwp%2Fv2%2Fcategories&post=199479"},{"taxonomy":"post_tag","embeddable":true,"href":"https:\/\/diarioregionaldigital.com.br\/index.php?rest_route=%2Fwp%2Fv2%2Ftags&post=199479"}],"curies":[{"name":"wp","href":"https:\/\/api.w.org\/{rel}","templated":true}]}}