{"id":199461,"date":"2022-05-25T21:20:25","date_gmt":"2022-05-26T00:20:25","guid":{"rendered":"https:\/\/diarioregionaldigital.com.br\/?p=199461"},"modified":"2022-05-25T21:20:25","modified_gmt":"2022-05-26T00:20:25","slug":"programa-boniteza-realiza-patrolamento-em-filgueiras-e-outras-164-intervencoes-nesta-quarta-25","status":"publish","type":"post","link":"https:\/\/diarioregionaldigital.com.br\/?p=199461","title":{"rendered":"Programa Boniteza realiza patrolamento em Filgueiras e outras 164 interven\u00e7\u00f5es nesta quarta, 25"},"content":{"rendered":"<p>Segundo informa\u00e7\u00f5es do site da Prefeitura de Juiz de Fora (PJF), atrav\u00e9s da Secretaria de Obras (SO) e do Gabinete de A\u00e7\u00e3o e Di\u00e1logo Comunit\u00e1rio (GADC) da Prefeitura de Juiz de Fora (PJF), o Programa Boniteza opera em 165 interven\u00e7\u00f5es nesta quarta-feira, 25.<\/p>\n<p>&nbsp;<\/p>\n<p><strong>Obras<\/strong><\/p>\n<p>&nbsp;<\/p>\n<p>Os Departamentos de Opera\u00e7\u00e3o e Manuten\u00e7\u00e3o em Obras (Domo) e de Estradas Vicinais da Secretaria de Obras t\u00eam previstas 14 a\u00e7\u00f5es.<\/p>\n<p>&nbsp;<\/p>\n<p>Interven\u00e7\u00f5es em continuidade:<\/p>\n<p>&nbsp;<\/p>\n<p>&#8211; Assentamento de grade de concreto &#8211; Rua Marechal Deodoro &#8211; Centro<\/p>\n<p>&#8211; Meio fio fundido in loco &#8211; Estrada de Caet\u00e9 &#8211; Caet\u00e9<\/p>\n<p>&#8211; Constru\u00e7\u00e3o de rede &#8211; Rua Fernando Lamarca &#8211; Distrito Industrial<\/p>\n<p>&#8211; Patrolamento &#8211; Estrada de Pirapetinga &#8211; Pirapetinga<\/p>\n<p>&#8211; Corre\u00e7\u00e3o de eros\u00e3o &#8211; Avenida dos Andradas &#8211; Centro<\/p>\n<p>&#8211; Patrolamento &#8211; Estrada do Maracuj\u00e1 &#8211; N\u00e1utico<\/p>\n<p>&#8211; Lan\u00e7amento de material e patrolamento &#8211; Estrada da varginha &#8211; Paula Lima<\/p>\n<p>&#8211; Ro\u00e7ada &#8211; Estrada de Humait\u00e1 &#8211; Humait\u00e1<\/p>\n<p>&#8211; Encabe\u00e7amento de bueiro &#8211; Estrada da Mandioca- Ros\u00e1rio de Minas<\/p>\n<p>&#8211; Liga\u00e7\u00e3o de rede pluvial &#8211; Rua Di\u00f3genes Gouvea do Amaral &#8211; Jardim Santa Isabel<\/p>\n<p>&nbsp;<\/p>\n<p>Novas interven\u00e7\u00f5es:<\/p>\n<p>&nbsp;<\/p>\n<p>&#8211; Corre\u00e7\u00e3o de eros\u00e3o pluvial &#8211; Rua Dom Silv\u00e9rio &#8211; Alto dos Passos<\/p>\n<p>&#8211; Retirada de terra &#8211; Estrada dos cansos &#8211; Torre\u00f5es<\/p>\n<p>&#8211; Substitui\u00e7\u00e3o de grade de boca de lobo &#8211; Avenida Get\u00falio Vargas &#8211; Centro<\/p>\n<p>&#8211; Fechamento de caixa de passagem em frente a galeria PIo X &#8211; Rua Halfeld &#8211; Centro<\/p>\n<p>&nbsp;<\/p>\n<p><strong>Ilumina\u00e7\u00e3o P\u00fablica<\/strong><\/p>\n<p>O departamento de Ilumina\u00e7\u00e3o P\u00fablica da PJF d\u00e1 continuidade \u00e0s a\u00e7\u00f5es com a previs\u00e3o de trocas de 151 l\u00e2mpadas em todas as regi\u00f5es.<\/p>\n<p>&nbsp;<\/p>\n<p><strong>Vila Esperan\u00e7a<\/strong><\/p>\n<p>Rua Da Passagem E<\/p>\n<p>Rua Da Passagem<\/p>\n<p>Rua Joaquim Belmiro Pereira<\/p>\n<p><strong>Valadares<\/strong><\/p>\n<p>Professora Juracy Campos<\/p>\n<p>Rua da Esta\u00e7\u00e3o<\/p>\n<p>Avenida Francisco Lindolfo Fernandes<\/p>\n<p>Rua 2<\/p>\n<p><strong>S\u00e3o Dimas<\/strong><\/p>\n<p>Rua Euclides De Souza Lima<\/p>\n<p>Rua Noel Rosa<\/p>\n<p><strong>Santa Am\u00e9lia<\/strong><\/p>\n<p>Rua B<\/p>\n<p><strong>Igrejinha<\/strong><\/p>\n<p>Rua Sebasti\u00e3o Martins Barbosa<\/p>\n<p>Rua das Mexericas<\/p>\n<p>Rua das Laranjas<\/p>\n<p>Rua das Pitangas<\/p>\n<p>Rua Das Ameixas<\/p>\n<p><strong>Centro<\/strong><\/p>\n<p>Avenida Bar\u00e3o Do Rio Branco<\/p>\n<p>Rua Batista De Oliveira<\/p>\n<p>Rua Santo Ant\u00f4nio<\/p>\n<p>Rua Fonseca Hermes<\/p>\n<p>Avenida Brasil<\/p>\n<p>Avenida Sete De Setembro<\/p>\n<p>Rua Santo Colsera<\/p>\n<p><strong>Santa Cruz<\/strong><\/p>\n<p>Rua Nilo Pe\u00e7anha<\/p>\n<p>Rua Justino Gomes Monteiro<\/p>\n<p>Rua Joaquim Ribeiro De Oliveira<\/p>\n<p>Rua Maria C\u00e2ndida De Jesus<\/p>\n<p>Rua Maria Do Carmo Costa<\/p>\n<p><strong>Cachoeira<\/strong><\/p>\n<p>Rua A<\/p>\n<p>Rua Jos\u00e9 Dos Anjos<\/p>\n<p><strong>S\u00e3o Judas Tadeu<\/strong><\/p>\n<p>Rua Vargas Pereira Da Costa<\/p>\n<p>Rua Jos\u00e9 Francisco Andrade<\/p>\n<p><strong>Jardim Cachoeira<\/strong><\/p>\n<p>Estrada Igrejinha humait\u00e1<\/p>\n<p><strong>Recanto Do Sol<\/strong><\/p>\n<p>Rua Das Hort\u00eancias<\/p>\n<p><strong>Novo Triunfo<\/strong><\/p>\n<p>Rua Zilda Augusta Pereira Sobrinho<\/p>\n<p>Rua C<\/p>\n<p>Rua Madre Teresa De Calcut\u00e1<\/p>\n<p><strong>Nova Era<\/strong><\/p>\n<p>Rua Maria Dassuncao Horta<\/p>\n<p>Rua Sophia Fortini Costa<\/p>\n<p>Rua Carlos Alberto Da Silveira<\/p>\n<p>Rua Ant\u00f4nio Scanapieco<\/p>\n<p>Rua Doutor Dias Da Cruz<\/p>\n<p>Rua Do Vale<\/p>\n<p>Rua Jos\u00e9 Marcelino Dias<\/p>\n<p>Rua Doutor Dias Da Cruz<\/p>\n<p>Rua Carolina Furtado Dutra<\/p>\n<p>Rua Doutor Bezerra De Menezes<\/p>\n<p>Rua Jos\u00e9 Marini De Souza<\/p>\n<p><strong>Santa Clara<\/strong><\/p>\n<p>Av. Luiza Vit\u00f3ria Fernandes<\/p>\n<p><strong>Carlos Chagas<\/strong><\/p>\n<p>Rua Jos\u00e9 De Almeida Portes<\/p>\n<p>Rua Doutor Alvino De Paula<\/p>\n<p>Rua Marechal Cordeiro De Faria<\/p>\n<p><strong>Nova Benfica<\/strong><\/p>\n<p>Rua Sebasti\u00e3o Reis<\/p>\n<p>Avenida Pedro Timponi<\/p>\n<p>Rua Vereador Francisco Pinheiro<\/p>\n<p>Rua Poeta C\u00e9lio Grunevald<\/p>\n<p><strong>Nova Era II<\/strong><\/p>\n<p>Rua Salvador Del Duca<\/p>\n<p>Rua Guimar\u00e3es J\u00fanior<\/p>\n<p><strong>Cidade Do Sol<\/strong><\/p>\n<p>Rua Gustavo Capanema<\/p>\n<p>Rua Silva Melo<\/p>\n<p><strong>Barbosa Lage<\/strong><\/p>\n<p>Rua Engenheiro Hugo Vocurca Filho<\/p>\n<p>Rua Hon\u00f3rio De Brito<\/p>\n<p>Rua Jos\u00e9 Estev\u00e3o<\/p>\n<p>Rua Aurora Pereira Das Neves<\/p>\n<p>Avenida Ant\u00f4nio Weitzel<\/p>\n<p><strong>Verbo Divino<\/strong><\/p>\n<p>Rua Martinho Pereira Valle<\/p>\n<p><strong>Morro Da Gl\u00f3ria<\/strong><\/p>\n<p>Rua Christovam Molinari<\/p>\n<p><strong>Francisco Bernardino<\/strong><\/p>\n<p>Rua Vereador Raymundo Hargreaves<\/p>\n<p>Rua Comendador Frederico Alvares De Assis<\/p>\n<p><strong>Industrial<\/strong><\/p>\n<p>Rua Santa Matilde<\/p>\n<p>Avenida Garcia Rodrigues Paes<\/p>\n<p><strong>\u00c1rea Rural De Juiz De Fora<\/strong><\/p>\n<p>Estrada 2 Omar Teixeira Pais Fazenda Do Tanque<\/p>\n<p>Rua Das Pitangueiras Fazenda Do Tanque<\/p>\n<p><strong>Cidade Jardim<\/strong><\/p>\n<p>Rua Jos\u00e9 Hermogeneo Dutra<\/p>\n<p><strong>S\u00e3o Tarc\u00edsio<\/strong><\/p>\n<p>Rua S\u00e3o Pancr\u00e1cio<\/p>\n<p><strong>Santo Ant\u00f4nio<\/strong><\/p>\n<p>Rua Francisco Cerqueira Cruzeiro<\/p>\n<p><strong>Bosque Dos Pinheiros<\/strong><\/p>\n<p>Rua Belarmina De Oliveira Teixeira<\/p>\n<p><strong>Barreira Do Triunfo<\/strong><\/p>\n<p>Avenida Eud\u00f3xio Infante Vieira<\/p>\n<p>Estrada Elias Jos\u00e9 Mockdeci<\/p>\n<p><strong>Vila Alpina<\/strong><\/p>\n<p>Rua Sebasti\u00e3o Costa<\/p>\n<p><strong>Alto dos passos<\/strong><\/p>\n<p>Avenida Bar\u00e3o Do Rio Branco<\/p>\n<p><strong>Granjas Bet\u00e2nia<\/strong><\/p>\n<p>Rua S\u00e3o Crist\u00f3v\u00e3o<\/p>\n<p><strong>S\u00e3o Benedito<\/strong><\/p>\n<p>Rua Lambary<\/p>\n<p><strong>Santa Maria<\/strong><\/p>\n<p>Rua Onofre Oliveira Salles<\/p>\n<p><strong>Benfica<\/strong><\/p>\n<p>Rua Coronel Sebasti\u00e3o Halfeld<\/p>\n<p><strong>Bom Clima<\/strong><\/p>\n<p>Rua Anne Garios<\/p>\n<p><strong>Centen\u00e1rio<\/strong><\/p>\n<p>Rua S\u00e3o Domingos S\u00e1vio<\/p>\n<p><strong>Bairu<\/strong><\/p>\n<p>Rua Am\u00e9rico Luz<\/p>\n<p>Rua Ribeiro De Abreu<\/p>\n<p><strong>Distrito Industrial<\/strong><\/p>\n<p>Rua Jos\u00e9 Epif\u00e2nio<\/p>\n<p><strong>Vitorino Braga<\/strong><\/p>\n<p>Rua Baependi<\/p>\n<p><strong>Graja\u00fa<\/strong><\/p>\n<p>Rua Rosa Sffeir<\/p>\n<p>Rua Miguel Jacob<\/p>\n<p>Rua Ant\u00f4nio Alves Teixeira<\/p>\n<p>Rua Alvina Alves<\/p>\n<p>Avenida Nossa Senhora Do L\u00edbano<\/p>\n<p>Rua Roque Picorelli<\/p>\n<p><strong>Ara\u00fajo<\/strong><\/p>\n<p>Rua Maria Eugenia<\/p>\n<p><strong>Santa Paula<\/strong><\/p>\n<p>Rua Carlos Drummond De Andrade<\/p>\n<p><strong>Nossa Senhora Aparecida<\/strong><\/p>\n<p>Rua Orlando Riani<\/p>\n<p><strong>Amaz\u00f4nia<\/strong><\/p>\n<p>Rua Das Palmeiras<\/p>\n<p><strong>Manoel Hon\u00f3rio<\/strong><\/p>\n<p>Rua D Carolina De Assis<\/p>\n<p>&nbsp;<\/p>\n<p><strong>Gabinete de A\u00e7\u00e3o e Di\u00e1logo Comunit\u00e1rio<\/strong><\/p>\n<p>As a\u00e7\u00f5es da Secretaria de Obras s\u00e3o realizadas atrav\u00e9s do Gabinete de A\u00e7\u00e3o e Di\u00e1logo Comunit\u00e1rio, que recebe demandas de melhorias urbanas pelo n\u00famero (32) 3690-7241, por liga\u00e7\u00e3o ou WhatsApp.<\/p>\n<p>&nbsp;<\/p>\n<p>No\u00a0<a href=\"https:\/\/www.pjf.mg.gov.br\/gabinetecomunitario\/\"><strong>site do gabinete<\/strong><\/a>, est\u00e3o dispon\u00edveis informa\u00e7\u00f5es atualizadas\u00a0 diariamente sobre os servi\u00e7os realizados pelas secretarias de Obras (SO); de Sustentabilidade em Meio Ambiente e Atividades Urbanas (Sesmaur); de Mobilidade Urbana (SMU); e pela\u00a0 Empresa Municipal de Pavimenta\u00e7\u00e3o e Urbaniza\u00e7\u00e3o (Empav); Departamento Municipal de Limpeza Urbana (Demlurb); e Companhia de Saneamento Municipal (Cesama).<\/p>\n","protected":false},"excerpt":{"rendered":"<p>Segundo informa\u00e7\u00f5es do site da Prefeitura de Juiz de Fora (PJF), atrav\u00e9s da Secretaria de Obras (SO) e do Gabinete de A\u00e7\u00e3o e Di\u00e1logo Comunit\u00e1rio (GADC) da Prefeitura de Juiz de Fora (PJF), o Programa Boniteza opera em 165 interven\u00e7\u00f5es nesta quarta-feira, 25. &nbsp; Obras &nbsp; Os Departamentos de Opera\u00e7\u00e3o e Manuten\u00e7\u00e3o em Obras (Domo) [&hellip;]<\/p>\n","protected":false},"author":246,"featured_media":199462,"comment_status":"closed","ping_status":"closed","sticky":false,"template":"","format":"standard","meta":{"footnotes":""},"categories":[253,436,439],"tags":[],"class_list":["post-199461","post","type-post","status-publish","format-standard","has-post-thumbnail","hentry","category-cidade","category-destaque-da-semana","category-ultima-hora"],"_links":{"self":[{"href":"https:\/\/diarioregionaldigital.com.br\/index.php?rest_route=\/wp\/v2\/posts\/199461","targetHints":{"allow":["GET"]}}],"collection":[{"href":"https:\/\/diarioregionaldigital.com.br\/index.php?rest_route=\/wp\/v2\/posts"}],"about":[{"href":"https:\/\/diarioregionaldigital.com.br\/index.php?rest_route=\/wp\/v2\/types\/post"}],"author":[{"embeddable":true,"href":"https:\/\/diarioregionaldigital.com.br\/index.php?rest_route=\/wp\/v2\/users\/246"}],"replies":[{"embeddable":true,"href":"https:\/\/diarioregionaldigital.com.br\/index.php?rest_route=%2Fwp%2Fv2%2Fcomments&post=199461"}],"version-history":[{"count":1,"href":"https:\/\/diarioregionaldigital.com.br\/index.php?rest_route=\/wp\/v2\/posts\/199461\/revisions"}],"predecessor-version":[{"id":199463,"href":"https:\/\/diarioregionaldigital.com.br\/index.php?rest_route=\/wp\/v2\/posts\/199461\/revisions\/199463"}],"wp:featuredmedia":[{"embeddable":true,"href":"https:\/\/diarioregionaldigital.com.br\/index.php?rest_route=\/wp\/v2\/media\/199462"}],"wp:attachment":[{"href":"https:\/\/diarioregionaldigital.com.br\/index.php?rest_route=%2Fwp%2Fv2%2Fmedia&parent=199461"}],"wp:term":[{"taxonomy":"category","embeddable":true,"href":"https:\/\/diarioregionaldigital.com.br\/index.php?rest_route=%2Fwp%2Fv2%2Fcategories&post=199461"},{"taxonomy":"post_tag","embeddable":true,"href":"https:\/\/diarioregionaldigital.com.br\/index.php?rest_route=%2Fwp%2Fv2%2Ftags&post=199461"}],"curies":[{"name":"wp","href":"https:\/\/api.w.org\/{rel}","templated":true}]}}