{"id":199458,"date":"2022-05-25T21:18:59","date_gmt":"2022-05-26T00:18:59","guid":{"rendered":"https:\/\/diarioregionaldigital.com.br\/?p=199458"},"modified":"2022-05-25T21:18:59","modified_gmt":"2022-05-26T00:18:59","slug":"pjf-distribui-sementes-de-hortalicas-a-catadores-de-materiais-reciclaveis-de-juiz-de-fora","status":"publish","type":"post","link":"https:\/\/diarioregionaldigital.com.br\/?p=199458","title":{"rendered":"PJF distribui sementes de hortali\u00e7as \u00e0 catadores de materiais recicl\u00e1veis de Juiz de Fora"},"content":{"rendered":"<p>Segundo informa\u00e7\u00f5es do site da Prefeitura de Juiz de Fora (PJF), na manh\u00e3 desta quarta-feira, 25, a Prefeitura de Juiz de Fora (PJF) distribuiu 14 kits de sementes para fam\u00edlias de catadores de materiais recicl\u00e1veis da cidade. Cada kit pode produzir um pouco mais de 1.800 quilos de alimentos, e \u00e9 composto por 59 sach\u00eas.<\/p>\n<p>A catadora Fl\u00e1via Helena Dias da Silva, da Associa\u00e7\u00e3o de Catadores de Pap\u00e9is e Res\u00edduos S\u00f3lidos de Juiz de Fora (Apares), recebeu o kit e falou sobre a import\u00e2ncia de receber as sementes. \u201cA verdura e os legumes est\u00e3o muito caros, n\u00f3s vamos poder plantar e colher os nossos pr\u00f3prios frutos. \u00c9 um kit muito importante que n\u00f3s vamos poder plantar nossos pr\u00f3prios legumes e verduras e n\u00f3s podemos colher, n\u00e3o precisa comprar, \u00e9 uma economia na nossa renda\u201d.<\/p>\n<p>A distribui\u00e7\u00e3o foi promovida pela Secretaria de Agricultura, Pecu\u00e1ria e Abastecimento (Seapa), da PJF, por meio da emenda parlamentar da deputada estadual Leninha Souza, juntamente com a Empresa de Assist\u00eancia T\u00e9cnica e Extens\u00e3o Rural (Emater-MG). Na ocasi\u00e3o, al\u00e9m dos 14 catadores e de representantes da Seapa, estiveram presentes a secret\u00e1ria de Governo, Cidinha Louzada; o secret\u00e1rio Especial de Direitos Humanos, Gabriel Rocha; e a\u00a0diretora-geral do Departamento Municipal de Limpeza Urbana (Demlurb), Gisele Pereira, que,\u00a0semanalmente, se re\u00fanem para discutir e promover melhorias para a categoria.<\/p>\n<p>Na \u00faltima semana, 45 kits de sementes tamb\u00e9m foram entregues \u00e0s fam\u00edlias de Juiz de Fora em situa\u00e7\u00e3o de vulnerabilidade social das regi\u00f5es Leste e Sul. Confira mais informa\u00e7\u00f5es\u00a0<a href=\"https:\/\/www.pjf.mg.gov.br\/noticias\/view.php?modo=link2&amp;idnoticia2=75291\"><strong>aqui<\/strong><\/a>. Al\u00e9m disso, o restante das sementes ser\u00e1 distribu\u00eddo a mais catadores de materiais recicl\u00e1veis na pr\u00f3xima semana.<\/p>\n<p>Juntamente com o Kit, ainda h\u00e1 duas cartilhas, uma elaborada pela Emater-MG sobre implanta\u00e7\u00e3o de horta e uma outra elaborada pela Seapa, sobre conserva\u00e7\u00e3o das sementes, manejo, colheita e p\u00f3s-colheita das hortali\u00e7as, complementam o kit. Al\u00e9m disso, as fam\u00edlias ir\u00e3o receber forma\u00e7\u00e3o b\u00e1sica em horticultura, a fim de possibilitar sucesso na implementa\u00e7\u00e3o das hortas.<\/p>\n","protected":false},"excerpt":{"rendered":"<p>Segundo informa\u00e7\u00f5es do site da Prefeitura de Juiz de Fora (PJF), na manh\u00e3 desta quarta-feira, 25, a Prefeitura de Juiz de Fora (PJF) distribuiu 14 kits de sementes para fam\u00edlias de catadores de materiais recicl\u00e1veis da cidade. Cada kit pode produzir um pouco mais de 1.800 quilos de alimentos, e \u00e9 composto por 59 sach\u00eas. [&hellip;]<\/p>\n","protected":false},"author":246,"featured_media":199459,"comment_status":"closed","ping_status":"closed","sticky":false,"template":"","format":"standard","meta":{"footnotes":""},"categories":[253,436,439],"tags":[],"class_list":["post-199458","post","type-post","status-publish","format-standard","has-post-thumbnail","hentry","category-cidade","category-destaque-da-semana","category-ultima-hora"],"_links":{"self":[{"href":"https:\/\/diarioregionaldigital.com.br\/index.php?rest_route=\/wp\/v2\/posts\/199458","targetHints":{"allow":["GET"]}}],"collection":[{"href":"https:\/\/diarioregionaldigital.com.br\/index.php?rest_route=\/wp\/v2\/posts"}],"about":[{"href":"https:\/\/diarioregionaldigital.com.br\/index.php?rest_route=\/wp\/v2\/types\/post"}],"author":[{"embeddable":true,"href":"https:\/\/diarioregionaldigital.com.br\/index.php?rest_route=\/wp\/v2\/users\/246"}],"replies":[{"embeddable":true,"href":"https:\/\/diarioregionaldigital.com.br\/index.php?rest_route=%2Fwp%2Fv2%2Fcomments&post=199458"}],"version-history":[{"count":1,"href":"https:\/\/diarioregionaldigital.com.br\/index.php?rest_route=\/wp\/v2\/posts\/199458\/revisions"}],"predecessor-version":[{"id":199460,"href":"https:\/\/diarioregionaldigital.com.br\/index.php?rest_route=\/wp\/v2\/posts\/199458\/revisions\/199460"}],"wp:featuredmedia":[{"embeddable":true,"href":"https:\/\/diarioregionaldigital.com.br\/index.php?rest_route=\/wp\/v2\/media\/199459"}],"wp:attachment":[{"href":"https:\/\/diarioregionaldigital.com.br\/index.php?rest_route=%2Fwp%2Fv2%2Fmedia&parent=199458"}],"wp:term":[{"taxonomy":"category","embeddable":true,"href":"https:\/\/diarioregionaldigital.com.br\/index.php?rest_route=%2Fwp%2Fv2%2Fcategories&post=199458"},{"taxonomy":"post_tag","embeddable":true,"href":"https:\/\/diarioregionaldigital.com.br\/index.php?rest_route=%2Fwp%2Fv2%2Ftags&post=199458"}],"curies":[{"name":"wp","href":"https:\/\/api.w.org\/{rel}","templated":true}]}}