{"id":199264,"date":"2022-05-20T13:40:00","date_gmt":"2022-05-20T16:40:00","guid":{"rendered":"https:\/\/diarioregionaldigital.com.br\/?p=199264"},"modified":"2022-05-20T13:40:00","modified_gmt":"2022-05-20T16:40:00","slug":"cittamobi-se-torna-apoiador-do-movimento-maio-amarelo-na-cidade","status":"publish","type":"post","link":"https:\/\/diarioregionaldigital.com.br\/?p=199264","title":{"rendered":"Cittamobi se torna apoiador do Movimento Maio Amarelo na cidade"},"content":{"rendered":"<p>Segundo informa\u00e7\u00f5es do site da Prefeitura de Juiz de Fora (PJF), o aplicativo Cittamobi come\u00e7ou a divulgar nesta semana o Movimento Internacional Maio Amarelo promovido tamb\u00e9m pela Prefeitura de Juiz de Fora (PJF). Ao utilizar o aplicativo, o usu\u00e1rio encontra um banner digital com a logo e o tema da campanha, que este ano \u00e9 \u201cJuntos Salvamos Vidas\u201d. O objetivo do Maio Amarelo \u00e9 uma a\u00e7\u00e3o coordenada entre o poder p\u00fablico e a sociedade civil. A inten\u00e7\u00e3o \u00e9 justamente colocar em pauta o tema seguran\u00e7a vi\u00e1ria e mobilizar toda a sociedade, envolvendo os mais diversos segmentos e propagar o conhecimento, abordando toda a amplitude que a quest\u00e3o do tr\u00e2nsito exige, nas mais diferentes esferas.<br \/>\nAinda nesta semana, os \u00f4nibus do transporte coletivo urbano passaram a circular com o cartaz do Maio Amarelo no vidro da frente, divulgando para toda a popula\u00e7\u00e3o sobre o movimento. No Portal da Prefeitura de Juiz de Fora (PJF) os interessados podem conferir as not\u00edcias sobre a programa\u00e7\u00e3o e a\u00e7\u00f5es desenvolvidas pela Secretaria de Mobilidade Urbana (SMU) sobre a campanha, juntamente com diversos \u00f3rg\u00e3os da PJF.<\/p>\n","protected":false},"excerpt":{"rendered":"<p>Segundo informa\u00e7\u00f5es do site da Prefeitura de Juiz de Fora (PJF), o aplicativo Cittamobi come\u00e7ou a divulgar nesta semana o Movimento Internacional Maio Amarelo promovido tamb\u00e9m pela Prefeitura de Juiz de Fora (PJF). Ao utilizar o aplicativo, o usu\u00e1rio encontra um banner digital com a logo e o tema da campanha, que este ano \u00e9 [&hellip;]<\/p>\n","protected":false},"author":246,"featured_media":199265,"comment_status":"closed","ping_status":"closed","sticky":false,"template":"","format":"standard","meta":{"footnotes":""},"categories":[253,436,439],"tags":[],"class_list":["post-199264","post","type-post","status-publish","format-standard","has-post-thumbnail","hentry","category-cidade","category-destaque-da-semana","category-ultima-hora"],"_links":{"self":[{"href":"https:\/\/diarioregionaldigital.com.br\/index.php?rest_route=\/wp\/v2\/posts\/199264","targetHints":{"allow":["GET"]}}],"collection":[{"href":"https:\/\/diarioregionaldigital.com.br\/index.php?rest_route=\/wp\/v2\/posts"}],"about":[{"href":"https:\/\/diarioregionaldigital.com.br\/index.php?rest_route=\/wp\/v2\/types\/post"}],"author":[{"embeddable":true,"href":"https:\/\/diarioregionaldigital.com.br\/index.php?rest_route=\/wp\/v2\/users\/246"}],"replies":[{"embeddable":true,"href":"https:\/\/diarioregionaldigital.com.br\/index.php?rest_route=%2Fwp%2Fv2%2Fcomments&post=199264"}],"version-history":[{"count":1,"href":"https:\/\/diarioregionaldigital.com.br\/index.php?rest_route=\/wp\/v2\/posts\/199264\/revisions"}],"predecessor-version":[{"id":199266,"href":"https:\/\/diarioregionaldigital.com.br\/index.php?rest_route=\/wp\/v2\/posts\/199264\/revisions\/199266"}],"wp:featuredmedia":[{"embeddable":true,"href":"https:\/\/diarioregionaldigital.com.br\/index.php?rest_route=\/wp\/v2\/media\/199265"}],"wp:attachment":[{"href":"https:\/\/diarioregionaldigital.com.br\/index.php?rest_route=%2Fwp%2Fv2%2Fmedia&parent=199264"}],"wp:term":[{"taxonomy":"category","embeddable":true,"href":"https:\/\/diarioregionaldigital.com.br\/index.php?rest_route=%2Fwp%2Fv2%2Fcategories&post=199264"},{"taxonomy":"post_tag","embeddable":true,"href":"https:\/\/diarioregionaldigital.com.br\/index.php?rest_route=%2Fwp%2Fv2%2Ftags&post=199264"}],"curies":[{"name":"wp","href":"https:\/\/api.w.org\/{rel}","templated":true}]}}