{"id":199261,"date":"2022-05-20T13:38:13","date_gmt":"2022-05-20T16:38:13","guid":{"rendered":"https:\/\/diarioregionaldigital.com.br\/?p=199261"},"modified":"2022-05-20T13:38:13","modified_gmt":"2022-05-20T16:38:13","slug":"atraves-da-empav-zeladoria-do-programa-boniteza-atende-12-bairros-em-uma-semana","status":"publish","type":"post","link":"https:\/\/diarioregionaldigital.com.br\/?p=199261","title":{"rendered":"Atrav\u00e9s da Empav, zeladoria do Programa Boniteza atende 12 bairros em uma semana"},"content":{"rendered":"<p>Segundo informa\u00e7\u00f5es do site da Prefeitura de Juiz de Fora (PJF), o Programa Boniteza, atrav\u00e9s das equipes da Empresa Municipal de Pavimenta\u00e7\u00e3o e Urbanidades (Empav), segue trabalhando para deixar Juiz de Fora ainda mais bonita. Nesta semana, entre os dias 13 a 20, a zeladoria esteve em 12 bairros, com servi\u00e7os de poda de grama, limpeza e poda simples e dr\u00e1stica de \u00e1rvores, totalizando 14 vias atendidas, com 43 a\u00e7\u00f5es executadas.<\/p>\n<p>&nbsp;<\/p>\n<p>O campo de futebol do bairro Borboleta recebeu servi\u00e7os de poda de grama e limpeza, melhorando as condi\u00e7\u00f5es de divers\u00e3o no espa\u00e7o p\u00fablico do bairro.<\/p>\n<p>&nbsp;<\/p>\n<p>Com a intensifica\u00e7\u00e3o dos servi\u00e7os, mais pra\u00e7as e canteiros da cidade est\u00e3o sendo atendidos, isso significa que a popula\u00e7\u00e3o passa a ter acesso seguro a mais \u00e1reas de lazer ao ar livre.<\/p>\n<p>&nbsp;<\/p>\n<p>Veja abaixo a lista completa de locais atendidos:<\/p>\n<p>Avenida Prefeito Mello Reis, Aeroporto*<\/p>\n<p>Rua Hameleto Fellet, Vale do Ip\u00ea*<\/p>\n<p>Av. Ibitiguaia, Santa Luzia**<\/p>\n<p>Av. Jk com rua Maria Francisco Pinto, Barreiro do Triunfo**<\/p>\n<p>Avenida Deusdedith Salgado, Teixeiras*<\/p>\n<p>Avenida Rio Branco, Centro*<\/p>\n<p>Rua Coronel Quint\u00e3o, Monte Castelo*<\/p>\n<p>Avenida Prefeito Mello Reis, Aeroporto*<\/p>\n<p>Rua Santana, Sarandira*<\/p>\n<p>Pra\u00e7a do Quintas das Avenidas, Quinta das Avenidas*<\/p>\n<p>Canteiro Laterais Ponte Vermelha, Santa Terezinha*<\/p>\n<p>Canteiro Lateral Posto Bonit\u00e3o, Santa Terezinha*<\/p>\n<p>Pra\u00e7a Dom Pedro, Mariano Proc\u00f3pio*<\/p>\n<p>Canteiro Lateral de Grama e Rotat\u00f3ria (Hospital Jo\u00e3o Penido), Grama*<\/p>\n<p>&nbsp;<\/p>\n<p><strong>*poda de grama e limpeza<\/strong><\/p>\n<p><strong>*poda de \u00e1rvore<\/strong><\/p>\n<p>&nbsp;<\/p>\n<p><strong>Zeladoria no s\u00e1bado<\/strong><\/p>\n<p>&nbsp;<\/p>\n<p>As equipes da Empav estar\u00e3o por Juiz de Fora tamb\u00e9m neste s\u00e1bado, 21, dando sequ\u00eancia aos trabalhos de zeladoria do Programa Boniteza.<\/p>\n<p>&nbsp;<\/p>\n<p>A\u00a0programa\u00e7\u00e3o di\u00e1ria de todas as atividades realizadas pela Empav pode ser acompanhada atrav\u00e9s da p\u00e1gina do Gabinete de A\u00e7\u00e3o e Di\u00e1logo Comunit\u00e1rio, pelo<a href=\"https:\/\/www.pjf.mg.gov.br\/gabinetecomunitario\/#onde\">\u00a0link<\/a>.<\/p>\n<p>Todas as a\u00e7\u00f5es de reestrutura\u00e7\u00e3o, urbaniza\u00e7\u00e3o e zeladoria realizadas pela Empav fazem parte do Programa Boniteza. Voc\u00ea pode solicitar estes e outros servi\u00e7os atrav\u00e9s do Gabinete de A\u00e7\u00e3o e Di\u00e1logo Comunit\u00e1rio, que recebe e organiza pedidos relativos a interven\u00e7\u00f5es e melhorias urbanas. O contato pode ser feito por liga\u00e7\u00e3o telef\u00f4nica, pelo n\u00famero (32) 3690-7241 ou, ainda, via WhatsApp, utilizando o mesmo n\u00famero.<\/p>\n","protected":false},"excerpt":{"rendered":"<p>Segundo informa\u00e7\u00f5es do site da Prefeitura de Juiz de Fora (PJF), o Programa Boniteza, atrav\u00e9s das equipes da Empresa Municipal de Pavimenta\u00e7\u00e3o e Urbanidades (Empav), segue trabalhando para deixar Juiz de Fora ainda mais bonita. Nesta semana, entre os dias 13 a 20, a zeladoria esteve em 12 bairros, com servi\u00e7os de poda de grama, [&hellip;]<\/p>\n","protected":false},"author":246,"featured_media":199262,"comment_status":"closed","ping_status":"closed","sticky":false,"template":"","format":"standard","meta":{"footnotes":""},"categories":[253,436,439],"tags":[],"class_list":["post-199261","post","type-post","status-publish","format-standard","has-post-thumbnail","hentry","category-cidade","category-destaque-da-semana","category-ultima-hora"],"_links":{"self":[{"href":"https:\/\/diarioregionaldigital.com.br\/index.php?rest_route=\/wp\/v2\/posts\/199261","targetHints":{"allow":["GET"]}}],"collection":[{"href":"https:\/\/diarioregionaldigital.com.br\/index.php?rest_route=\/wp\/v2\/posts"}],"about":[{"href":"https:\/\/diarioregionaldigital.com.br\/index.php?rest_route=\/wp\/v2\/types\/post"}],"author":[{"embeddable":true,"href":"https:\/\/diarioregionaldigital.com.br\/index.php?rest_route=\/wp\/v2\/users\/246"}],"replies":[{"embeddable":true,"href":"https:\/\/diarioregionaldigital.com.br\/index.php?rest_route=%2Fwp%2Fv2%2Fcomments&post=199261"}],"version-history":[{"count":1,"href":"https:\/\/diarioregionaldigital.com.br\/index.php?rest_route=\/wp\/v2\/posts\/199261\/revisions"}],"predecessor-version":[{"id":199263,"href":"https:\/\/diarioregionaldigital.com.br\/index.php?rest_route=\/wp\/v2\/posts\/199261\/revisions\/199263"}],"wp:featuredmedia":[{"embeddable":true,"href":"https:\/\/diarioregionaldigital.com.br\/index.php?rest_route=\/wp\/v2\/media\/199262"}],"wp:attachment":[{"href":"https:\/\/diarioregionaldigital.com.br\/index.php?rest_route=%2Fwp%2Fv2%2Fmedia&parent=199261"}],"wp:term":[{"taxonomy":"category","embeddable":true,"href":"https:\/\/diarioregionaldigital.com.br\/index.php?rest_route=%2Fwp%2Fv2%2Fcategories&post=199261"},{"taxonomy":"post_tag","embeddable":true,"href":"https:\/\/diarioregionaldigital.com.br\/index.php?rest_route=%2Fwp%2Fv2%2Ftags&post=199261"}],"curies":[{"name":"wp","href":"https:\/\/api.w.org\/{rel}","templated":true}]}}