{"id":199255,"date":"2022-05-20T13:33:34","date_gmt":"2022-05-20T16:33:34","guid":{"rendered":"https:\/\/diarioregionaldigital.com.br\/?p=199255"},"modified":"2022-05-20T13:33:34","modified_gmt":"2022-05-20T16:33:34","slug":"em-seis-dias-empav-atende-49-vias-com-a-operacao-tapa-buracos","status":"publish","type":"post","link":"https:\/\/diarioregionaldigital.com.br\/?p=199255","title":{"rendered":"Em seis dias, Empav atende 49 vias com a opera\u00e7\u00e3o tapa-buracos"},"content":{"rendered":"<p>Segundo informa\u00e7\u00f5es do site da Prefeitura de Juiz de Fora (PJF), entre os dias 13 e 19 de maio, a Empresa Municipal de Pavimenta\u00e7\u00e3o e Urbanidades (Empav) esteve presente em quase 50 vias, de 33 bairros de Juiz de Fora, com os trabalhos de recomposi\u00e7\u00e3o asf\u00e1ltica, pavimenta\u00e7\u00e3o e repavimenta\u00e7\u00e3o de trechos e corre\u00e7\u00f5es de eros\u00f5es.<\/p>\n<p>No per\u00edodo foram realizadas cerca de 1479 recomposi\u00e7\u00f5es, totalizando a aplica\u00e7\u00e3o de 525,68 toneladas de CBUQ (massa asf\u00e1ltica), o que representa uma m\u00e9dia de 246 recomposi\u00e7\u00f5es por dia no munic\u00edpio.<\/p>\n<p><strong>Confira os bairros atendidos pela Empav durante a semana:<\/strong><\/p>\n<p>Aeroporto<\/p>\n<p>Alto dos Passos<\/p>\n<p>Ara\u00fajo<\/p>\n<p>Bairu*<\/p>\n<p>Barbosa Lage<\/p>\n<p>Benfica<\/p>\n<p>Bom Pastor<\/p>\n<p>Bonfim<\/p>\n<p>Bonsucesso<\/p>\n<p>Centro<\/p>\n<p>Cer\u00e2mica<\/p>\n<p>Cruzeiro de Santo Ant\u00f4nio<\/p>\n<p>Democrata*<\/p>\n<p>Distrito Industrial<\/p>\n<p>F\u00e1brica<\/p>\n<p>Granbery<\/p>\n<p>Jardim do Sol<\/p>\n<p>J\u00f3quei Clube<\/p>\n<p>Ladeira<\/p>\n<p>Milho Branco*<\/p>\n<p>Nova Benfica<\/p>\n<p>Recanto dos Brugger*<\/p>\n<p>Residencial Renascen\u00e7a*<\/p>\n<p>Santa Luzia<\/p>\n<p>Santa Efig\u00eania*<\/p>\n<p>Santa Tereza<\/p>\n<p>Santo Ant\u00f4nio<\/p>\n<p>Santos Anjos*<\/p>\n<p>S\u00e3o Bernardo<\/p>\n<p>S\u00e3o Mateus*<\/p>\n<p>S\u00e3o Pedro*<\/p>\n<p>Torre\u00f5es<\/p>\n<p>Vila Alpina*<\/p>\n<p><strong>*Opera\u00e7\u00e3o em andamento no bairro<\/strong><\/p>\n<p><strong>Menos buracos nas vias e mais ruas pavimentadas<\/strong><\/p>\n<p>Dentre os servi\u00e7os executados nos \u00faltimos seis dias trabalhados, destaque para duas ruas que ganharam nova pavimenta\u00e7\u00e3o. A primeira \u00e9 a Maria da Gl\u00f3ria F\u00e1vero, localizada entre os bairros Bom Jardim e Marumbi, que antes era pavimentada com cal\u00e7amento (rua de pedra), e, desde a \u00faltima sexta-feira, 13, passou a contar com asfalto. A segunda, a Rua Horanides Maria da Aparecida (e um trecho da Ot\u00e1vio Pereira Torres), no Bonfim, afetada pelas chuvas hist\u00f3ricas do in\u00edcio do ano, recebeu grande manuten\u00e7\u00e3o da Secretaria de Obras (SO) e tamb\u00e9m recebeu os trabalhadores da Empav, que conclu\u00edram os trabalhos na ter\u00e7a-feira, 17.<\/p>\n<p>No Bairu, o cruzamento entre as ruas Professor Teodoro Coelho e Ribeiro de Abreu, que acumulava eros\u00f5es, foi tamb\u00e9m atendida pela SO, e equipes da Empav conclu\u00edram a manuten\u00e7\u00e3o, realizando a repavimenta\u00e7\u00e3o do trecho.<\/p>\n<p>Lembrando que a programa\u00e7\u00e3o di\u00e1ria das atividades realizadas pela Empav pode ser acompanhada atrav\u00e9s da p\u00e1gina do Gabinete de A\u00e7\u00e3o e Di\u00e1logo Comunit\u00e1rio, pelo<a href=\"https:\/\/www.pjf.mg.gov.br\/gabinetecomunitario\/#onde\">\u00a0link<\/a>.<\/p>\n<p>Todas as a\u00e7\u00f5es de reestrutura\u00e7\u00e3o, urbaniza\u00e7\u00e3o e zeladoria realizadas pela Empav fazem parte do Programa Boniteza. Estes e outros servi\u00e7os podem ser solicitados atrav\u00e9s do Gabinete de A\u00e7\u00e3o e Di\u00e1logo Comunit\u00e1rio, que recebe e organiza pedidos relativos a interven\u00e7\u00f5es e melhorias urbanas. O contato pode ser feito por liga\u00e7\u00e3o telef\u00f4nica, pelo n\u00famero (32) 3690-7241 ou, ainda, via WhatsApp, utilizando o mesmo n\u00famero.<\/p>\n","protected":false},"excerpt":{"rendered":"<p>Segundo informa\u00e7\u00f5es do site da Prefeitura de Juiz de Fora (PJF), entre os dias 13 e 19 de maio, a Empresa Municipal de Pavimenta\u00e7\u00e3o e Urbanidades (Empav) esteve presente em quase 50 vias, de 33 bairros de Juiz de Fora, com os trabalhos de recomposi\u00e7\u00e3o asf\u00e1ltica, pavimenta\u00e7\u00e3o e repavimenta\u00e7\u00e3o de trechos e corre\u00e7\u00f5es de eros\u00f5es. [&hellip;]<\/p>\n","protected":false},"author":246,"featured_media":199256,"comment_status":"closed","ping_status":"closed","sticky":false,"template":"","format":"standard","meta":{"footnotes":""},"categories":[253,436,440,439],"tags":[],"class_list":["post-199255","post","type-post","status-publish","format-standard","has-post-thumbnail","hentry","category-cidade","category-destaque-da-semana","category-destaques-do-dia","category-ultima-hora"],"_links":{"self":[{"href":"https:\/\/diarioregionaldigital.com.br\/index.php?rest_route=\/wp\/v2\/posts\/199255","targetHints":{"allow":["GET"]}}],"collection":[{"href":"https:\/\/diarioregionaldigital.com.br\/index.php?rest_route=\/wp\/v2\/posts"}],"about":[{"href":"https:\/\/diarioregionaldigital.com.br\/index.php?rest_route=\/wp\/v2\/types\/post"}],"author":[{"embeddable":true,"href":"https:\/\/diarioregionaldigital.com.br\/index.php?rest_route=\/wp\/v2\/users\/246"}],"replies":[{"embeddable":true,"href":"https:\/\/diarioregionaldigital.com.br\/index.php?rest_route=%2Fwp%2Fv2%2Fcomments&post=199255"}],"version-history":[{"count":1,"href":"https:\/\/diarioregionaldigital.com.br\/index.php?rest_route=\/wp\/v2\/posts\/199255\/revisions"}],"predecessor-version":[{"id":199257,"href":"https:\/\/diarioregionaldigital.com.br\/index.php?rest_route=\/wp\/v2\/posts\/199255\/revisions\/199257"}],"wp:featuredmedia":[{"embeddable":true,"href":"https:\/\/diarioregionaldigital.com.br\/index.php?rest_route=\/wp\/v2\/media\/199256"}],"wp:attachment":[{"href":"https:\/\/diarioregionaldigital.com.br\/index.php?rest_route=%2Fwp%2Fv2%2Fmedia&parent=199255"}],"wp:term":[{"taxonomy":"category","embeddable":true,"href":"https:\/\/diarioregionaldigital.com.br\/index.php?rest_route=%2Fwp%2Fv2%2Fcategories&post=199255"},{"taxonomy":"post_tag","embeddable":true,"href":"https:\/\/diarioregionaldigital.com.br\/index.php?rest_route=%2Fwp%2Fv2%2Ftags&post=199255"}],"curies":[{"name":"wp","href":"https:\/\/api.w.org\/{rel}","templated":true}]}}