{"id":199242,"date":"2022-05-20T13:13:40","date_gmt":"2022-05-20T16:13:40","guid":{"rendered":"https:\/\/diarioregionaldigital.com.br\/?p=199242"},"modified":"2022-05-20T13:13:40","modified_gmt":"2022-05-20T16:13:40","slug":"atletismo-rafael-pereira-triunfa-na-italia-antes-do-ibero-americano","status":"publish","type":"post","link":"https:\/\/diarioregionaldigital.com.br\/?p=199242","title":{"rendered":"Atletismo: Rafael Pereira triunfa na It\u00e1lia antes do Ibero-Americano"},"content":{"rendered":"<p>Com o tempo de 13s36, o mineiro Rafael Henrique Pereira conquistou nesta quinta-feira (19) a medalha de ouro da prova dos 110 metros com barreira do 11\u00b0 Meeting Internacional Citta&#8217; Di Savona, disputado no Centro Deportivo Fontanele, em Savona (It\u00e1lia).<img decoding=\"async\" src=\"https:\/\/agenciabrasil.ebc.com.br\/ebc.png?id=1460790&amp;o=node\" \/><img decoding=\"async\" src=\"https:\/\/agenciabrasil.ebc.com.br\/ebc.gif?id=1460790&amp;o=node\" \/><\/p>\n<p>Esta conquista marcou o fim da prepara\u00e7\u00e3o para o Ibero-Americano de Atletismo, que ser\u00e1 disputado a partir da pr\u00f3xima sexta-feira (20) em La Nucia, prov\u00edncia de Alicante (Espanha).<\/p>\n<p>Rafael, que ocupa a s\u00e9tima posi\u00e7\u00e3o do ranking de 2022 da prova da Federa\u00e7\u00e3o Internacional de Atletismo (World Athletics) e que representou o Brasil nos Jogos Ol\u00edmpicos de T\u00f3quio, est\u00e1 qualificado para o Campeonato Mundial do Oregon, na cidade de Eugene (EUA), que ser\u00e1 disputado entre 15 e 24 de julho.<\/p>\n<p>Fonte: Ag\u00eancia Brasil<\/p>\n","protected":false},"excerpt":{"rendered":"<p>Com o tempo de 13s36, o mineiro Rafael Henrique Pereira conquistou nesta quinta-feira (19) a medalha de ouro da prova dos 110 metros com barreira do 11\u00b0 Meeting Internacional Citta&#8217; Di Savona, disputado no Centro Deportivo Fontanele, em Savona (It\u00e1lia). Esta conquista marcou o fim da prepara\u00e7\u00e3o para o Ibero-Americano de Atletismo, que ser\u00e1 disputado [&hellip;]<\/p>\n","protected":false},"author":246,"featured_media":199243,"comment_status":"closed","ping_status":"closed","sticky":false,"template":"","format":"standard","meta":{"footnotes":""},"categories":[436,440,257,439],"tags":[],"class_list":["post-199242","post","type-post","status-publish","format-standard","has-post-thumbnail","hentry","category-destaque-da-semana","category-destaques-do-dia","category-esporte","category-ultima-hora"],"_links":{"self":[{"href":"https:\/\/diarioregionaldigital.com.br\/index.php?rest_route=\/wp\/v2\/posts\/199242","targetHints":{"allow":["GET"]}}],"collection":[{"href":"https:\/\/diarioregionaldigital.com.br\/index.php?rest_route=\/wp\/v2\/posts"}],"about":[{"href":"https:\/\/diarioregionaldigital.com.br\/index.php?rest_route=\/wp\/v2\/types\/post"}],"author":[{"embeddable":true,"href":"https:\/\/diarioregionaldigital.com.br\/index.php?rest_route=\/wp\/v2\/users\/246"}],"replies":[{"embeddable":true,"href":"https:\/\/diarioregionaldigital.com.br\/index.php?rest_route=%2Fwp%2Fv2%2Fcomments&post=199242"}],"version-history":[{"count":2,"href":"https:\/\/diarioregionaldigital.com.br\/index.php?rest_route=\/wp\/v2\/posts\/199242\/revisions"}],"predecessor-version":[{"id":199245,"href":"https:\/\/diarioregionaldigital.com.br\/index.php?rest_route=\/wp\/v2\/posts\/199242\/revisions\/199245"}],"wp:featuredmedia":[{"embeddable":true,"href":"https:\/\/diarioregionaldigital.com.br\/index.php?rest_route=\/wp\/v2\/media\/199243"}],"wp:attachment":[{"href":"https:\/\/diarioregionaldigital.com.br\/index.php?rest_route=%2Fwp%2Fv2%2Fmedia&parent=199242"}],"wp:term":[{"taxonomy":"category","embeddable":true,"href":"https:\/\/diarioregionaldigital.com.br\/index.php?rest_route=%2Fwp%2Fv2%2Fcategories&post=199242"},{"taxonomy":"post_tag","embeddable":true,"href":"https:\/\/diarioregionaldigital.com.br\/index.php?rest_route=%2Fwp%2Fv2%2Ftags&post=199242"}],"curies":[{"name":"wp","href":"https:\/\/api.w.org\/{rel}","templated":true}]}}