{"id":199239,"date":"2022-05-20T13:06:59","date_gmt":"2022-05-20T16:06:59","guid":{"rendered":"https:\/\/diarioregionaldigital.com.br\/?p=199239"},"modified":"2022-05-20T13:06:59","modified_gmt":"2022-05-20T16:06:59","slug":"sistema-inovalacteos-abre-edital-para-selecao-de-startups","status":"publish","type":"post","link":"https:\/\/diarioregionaldigital.com.br\/?p=199239","title":{"rendered":"Sistema Inoval\u00e1cteos abre edital para sele\u00e7\u00e3o de startups"},"content":{"rendered":"<p>Startups com ideias e solu\u00e7\u00f5es tecnol\u00f3gicas inovadoras para a cadeia do leite podem se inscrever, at\u00e9 12\/6, no processo de sele\u00e7\u00e3o do primeiro ciclo de pr\u00e9-acelera\u00e7\u00e3o e incuba\u00e7\u00e3o do Sistema Inoval\u00e1cteos (SIL).<\/p>\n<p>Ser\u00e3o selecionados at\u00e9 40 empreendedores com projetos e\/ou servi\u00e7os com potencial para a resolu\u00e7\u00e3o de gargalos existentes em todo o complexo do leite. Do in\u00edcio da cadeia, passando por ind\u00fastria e comercializa\u00e7\u00e3o, at\u00e9 a log\u00edstica, entre outras atividades. O edital visa tornar o setor mais competitivo e sustent\u00e1vel, lembrando que os empreendimentos escolhidos receber\u00e3o suporte t\u00e9cnico e cient\u00edfico para o desenvolvimento de produtos, servi\u00e7os ou processos inovadores para a cadeia do leite.<\/p>\n<p>Liderado pela Ag\u00eancia de Inova\u00e7\u00e3o Polo do Leite, o Sistema Inoval\u00e1cteos conta com suporte institucional do\u00a0<a href=\"https:\/\/www.mg.gov.br\/\" target=\"_blank\" rel=\"noopener\">Governo de Minas<\/a>, por meio das secretarias de Estado de\u00a0<a href=\"http:\/\/www.agricultura.mg.gov.br\/\" target=\"_blank\" rel=\"noopener\">Agricultura, Pecu\u00e1ria e Abastecimento (Seapa)<\/a>\u00a0e\u00a0<a href=\"http:\/\/www.desenvolvimento.mg.gov.br\/\" target=\"_blank\" rel=\"noopener\">Desenvolvimento Econ\u00f4mico (Sede)<\/a>, al\u00e9m de recursos da<a href=\"http:\/\/www.fapemig.br\/pt\/\" target=\"_blank\" rel=\"noopener\">\u00a0<\/a><a href=\"http:\/\/www.fapemig.br\/pt\/\">Funda\u00e7\u00e3o de Amparo \u00e0 Pesquisa do Estado de Minas Gerais (Fapemig)<\/a>.<\/p>\n<p>De acordo com o gerente executivo da Ag\u00eancia de Inova\u00e7\u00e3o Polo do Leite, Airdem Gon\u00e7alves de Assis, a cadeia de l\u00e1cteos est\u00e1 enfrentando grandes desafios decorrentes dos impactos da pandemia de covid-19. \u201cPara superar as adversidades deste momento, \u00e9 preciso aumentar a efici\u00eancia e a produtividade. Por isso, acreditamos que a solu\u00e7\u00e3o tecnol\u00f3gica seja o melhor caminho. Nossas expectativas s\u00e3o as melhoras poss\u00edveis em rela\u00e7\u00e3o ao chamamento do Inoval\u00e1cteos\u201d, afirma.<\/p>\n<p><b>Procedimentos\u00a0<\/b><\/p>\n<p>Os interessados em participar do processo seletivo podem fazer inscri\u00e7\u00e3o clicando aqui. Ao submeter o projeto, os candidatos devem apresentar a startup com o envio de v\u00eddeo de um minuto, al\u00e9m de descrever o problema ou demanda que se prop\u00f5e a resolver, entre outras informa\u00e7\u00f5es.<\/p>\n<p>Tamb\u00e9m \u00e9 preciso enviar uma apresenta\u00e7\u00e3o em PowerPoint que contemple quest\u00f5es como problema\/oportunidade, perfil do cliente, solu\u00e7\u00e3o, como o projeto vai funcionar, proposta e equipe. O guia para montagem do arquivo est\u00e1 dispon\u00edvel aqui.\u00a0 Ap\u00f3s o cumprimento desta etapa, os participantes ser\u00e3o avaliados por uma banca e o resultado ser\u00e1 anunciado no m\u00eas de julho.<\/p>\n<p><b>Pr\u00e9-acelera\u00e7\u00e3o<\/b><\/p>\n<p>O assessor t\u00e9cnico de assuntos estrat\u00e9gicos da Seapa, Jos\u00e9 Eduardo Ferreira da Silva, explica que a fase de pr\u00e9-acelera\u00e7\u00e3o ter\u00e1 dura\u00e7\u00e3o de dois meses e que, durante este per\u00edodo, ser\u00e3o preparadas as bases para o lan\u00e7amento dessas empresas e produtos. \u201cQueremos chegar ao final deste ciclo com projetos minimamente vi\u00e1veis, que possam ser alvo de um processo de acelera\u00e7\u00e3o e que ganhem mercado e escala\u201d.<\/p>\n<p>Ele detalha ainda que, durante a consultoria, as startups selecionadas receber\u00e3o treinamentos voltados \u00e0s quest\u00f5es de mercado como a prospec\u00e7\u00e3o de novos clientes, custos da produ\u00e7\u00e3o e a viabilidade t\u00e9cnica para o desenvolvimento da inova\u00e7\u00e3o.<\/p>\n<p>O Sistema Inoval\u00e1cteos conta com suporte dos parques tecnol\u00f3gicos presentes na Universidade Federal de Vi\u00e7osa (UFV), Universidade Federal de Lavras (Ufla), Universidade Federal de Juiz de Fora (UFJF), Secretaria de Desenvolvimento Econ\u00f4mico, Turismo e Inova\u00e7\u00e3o de Uberaba e outros atores do ecossistema de inova\u00e7\u00e3o.<\/p>\n<p>A diretora executiva do Centro Tecnol\u00f3gico de Desenvolvimento Regional de Vi\u00e7osa (Centev\/UFV), professora Adriana Faria, salienta que toda a expertise da institui\u00e7\u00e3o estar\u00e1 \u00e0 disposi\u00e7\u00e3o do programa. \u201cMais de 400 startups j\u00e1 passaram pelo Centev\/UFV. Iremos contribuir com a participa\u00e7\u00e3o dos nossos profissionais, know-how, al\u00e9m da possibilidade de intera\u00e7\u00e3o com pesquisadores, estudantes de gradua\u00e7\u00e3o e p\u00f3s-gradua\u00e7\u00e3o da universidade. O grande objetivo \u00e9 gerar novas empresas, emprego, renda e melhores produtos para a sociedade\u201d.<\/p>\n<p>Ela ressalta que nem todas as ideias inscritas ter\u00e3o sucesso inicialmente, o que faz parte do processo de inova\u00e7\u00e3o. \u201cS\u00f3 o fato de um empreendedor inscrever seu projeto, j\u00e1 \u00e9 um ganho muito grande. Ele ter\u00e1 a oportunidade de se qualificar, aprender sobre gest\u00e3o de neg\u00f3cios, desenvolvimento de tecnologias e pode se conectar com outros atores dessa cadeia. A partir das novas parcerias e aprendizados, ficar\u00e1 ainda mais habilitado para apresentar novos projetos\u201d, destaca Adriana.<\/p>\n<p><b>Servi\u00e7o<\/b><\/p>\n<p><b>Inscri\u00e7\u00e3o e sele\u00e7\u00e3o de startups para fases de pr\u00e9-acelera\u00e7\u00e3o e incuba\u00e7\u00e3o do Sistema Inoval\u00e1cteos<\/b><\/p>\n<p><b>Data<\/b>: de 10\/5 a 12\/6\/2022<\/p>\n<p><b>Inscri\u00e7\u00f5es<\/b>:<a href=\"https:\/\/www.polodoleite.com.br\/sistema-inovalacteos\" target=\"_blank\" rel=\"noopener\">\u00a0<\/a><a href=\"https:\/\/www.polodoleite.com.br\/sistema-inovalacteos\">https:\/\/www.polodoleite.com.br\/sistema-inovalacteos<\/a><\/p>\n<p><b>Mais informa\u00e7\u00f5es<\/b>:\u00a0<a href=\"mailto:agencia@polodoleite.com.br\">agencia@polodoleite.com.br<\/a><\/p>\n<p><span style=\"font-weight: 400;\">Fonte: Ag\u00eancia Minas <\/span><\/p>\n","protected":false},"excerpt":{"rendered":"<p>Startups com ideias e solu\u00e7\u00f5es tecnol\u00f3gicas inovadoras para a cadeia do leite podem se inscrever, at\u00e9 12\/6, no processo de sele\u00e7\u00e3o do primeiro ciclo de pr\u00e9-acelera\u00e7\u00e3o e incuba\u00e7\u00e3o do Sistema Inoval\u00e1cteos (SIL). Ser\u00e3o selecionados at\u00e9 40 empreendedores com projetos e\/ou servi\u00e7os com potencial para a resolu\u00e7\u00e3o de gargalos existentes em todo o complexo do leite. [&hellip;]<\/p>\n","protected":false},"author":246,"featured_media":199240,"comment_status":"closed","ping_status":"closed","sticky":false,"template":"","format":"standard","meta":{"footnotes":""},"categories":[436,254,439],"tags":[],"class_list":["post-199239","post","type-post","status-publish","format-standard","has-post-thumbnail","hentry","category-destaque-da-semana","category-politica","category-ultima-hora"],"_links":{"self":[{"href":"https:\/\/diarioregionaldigital.com.br\/index.php?rest_route=\/wp\/v2\/posts\/199239","targetHints":{"allow":["GET"]}}],"collection":[{"href":"https:\/\/diarioregionaldigital.com.br\/index.php?rest_route=\/wp\/v2\/posts"}],"about":[{"href":"https:\/\/diarioregionaldigital.com.br\/index.php?rest_route=\/wp\/v2\/types\/post"}],"author":[{"embeddable":true,"href":"https:\/\/diarioregionaldigital.com.br\/index.php?rest_route=\/wp\/v2\/users\/246"}],"replies":[{"embeddable":true,"href":"https:\/\/diarioregionaldigital.com.br\/index.php?rest_route=%2Fwp%2Fv2%2Fcomments&post=199239"}],"version-history":[{"count":1,"href":"https:\/\/diarioregionaldigital.com.br\/index.php?rest_route=\/wp\/v2\/posts\/199239\/revisions"}],"predecessor-version":[{"id":199241,"href":"https:\/\/diarioregionaldigital.com.br\/index.php?rest_route=\/wp\/v2\/posts\/199239\/revisions\/199241"}],"wp:featuredmedia":[{"embeddable":true,"href":"https:\/\/diarioregionaldigital.com.br\/index.php?rest_route=\/wp\/v2\/media\/199240"}],"wp:attachment":[{"href":"https:\/\/diarioregionaldigital.com.br\/index.php?rest_route=%2Fwp%2Fv2%2Fmedia&parent=199239"}],"wp:term":[{"taxonomy":"category","embeddable":true,"href":"https:\/\/diarioregionaldigital.com.br\/index.php?rest_route=%2Fwp%2Fv2%2Fcategories&post=199239"},{"taxonomy":"post_tag","embeddable":true,"href":"https:\/\/diarioregionaldigital.com.br\/index.php?rest_route=%2Fwp%2Fv2%2Ftags&post=199239"}],"curies":[{"name":"wp","href":"https:\/\/api.w.org\/{rel}","templated":true}]}}