{"id":199236,"date":"2022-05-20T13:01:47","date_gmt":"2022-05-20T16:01:47","guid":{"rendered":"https:\/\/diarioregionaldigital.com.br\/?p=199236"},"modified":"2022-05-20T13:01:47","modified_gmt":"2022-05-20T16:01:47","slug":"ses-mg-orienta-sobre-formas-de-uso-dos-autotestes-para-covid","status":"publish","type":"post","link":"https:\/\/diarioregionaldigital.com.br\/?p=199236","title":{"rendered":"SES-MG orienta sobre formas de uso dos autotestes para covid"},"content":{"rendered":"<p>Com o acesso ao exame, a popula\u00e7\u00e3o passa a ter mais um meio de identificar casos da doen\u00e7a. Na pr\u00e1tica, o intuito \u00e9 que o pr\u00f3prio paciente possa realizar a coleta de material, com resultado r\u00e1pido, em at\u00e9 30 minutos, a depender do fabricante do produto, que pode ser adquirido em drogarias, farm\u00e1cias e distribuidoras de medicamentos.<\/p>\n<p>Coordenadora estadual de Laborat\u00f3rios e Pesquisa em Vigil\u00e2ncia da\u00a0<a href=\"https:\/\/www.saude.mg.gov.br\/\" target=\"_blank\" rel=\"noopener noreferrer\" data-auth=\"NotApplicable\" data-linkindex=\"0\">Secretaria de Estado de Sa\u00fade de Minas Gerais (SES-MG)<\/a>, Jaqueline Silva de Oliveira explica que os autotestes para detec\u00e7\u00e3o de covid s\u00e3o simples e funcionam da mesma forma que qualquer exame r\u00e1pido.<\/p>\n<p>\u201cA diferen\u00e7a \u00e9 a coleta e o manuseio, feito pela pr\u00f3pria pessoa, em casa ou em local de sua escolha, no momento que preferir. Os testes s\u00e3o intuitivos, t\u00eam resultado r\u00e1pido e s\u00e3o muito f\u00e1ceis de interpretar. A leitura do resultado \u00e9 semelhante a de um teste r\u00e1pido de gravidez, por exemplo, em que duas linhas aparecem em caso positivo\u201d, diz.<\/p>\n<p>Jaqueline pontua que a estrat\u00e9gia de uso dessa ferramenta visa melhorar a capacidade de resposta \u00e0 pandemia. \u201cAl\u00e9m da vacina\u00e7\u00e3o, do uso de m\u00e1scaras e do distanciamento f\u00edsico, o autoteste \u00e9 mais um mecanismo que passa a ficar dispon\u00edvel para o enfrentamento \u00e0 covid. Ele pode ser usado caso os indiv\u00edduos apresentem sintomas ou tenham sido expostos ao v\u00edrus, indicando um diagn\u00f3stico r\u00e1pido\u201d.<\/p>\n<p><b>Como proceder<\/b><\/p>\n<p>Segundo a coordenadora, o melhor momento para a realiza\u00e7\u00e3o do autoteste \u00e9 entre o primeiro e o s\u00e9timo dia do in\u00edcio dos sintomas gripais. J\u00e1 para indiv\u00edduos assintom\u00e1ticos, o ideal \u00e9 que seja feito a partir do quinto dia do contato com algu\u00e9m que tenha se infectado com o v\u00edrus.<\/p>\n<p>\u201cA maior parte da popula\u00e7\u00e3o tem per\u00edodo de incuba\u00e7\u00e3o m\u00e9dio de cinco a seis dias. Assim, ao fazer a coleta no quinto dia, espera-se que tenha terminado o per\u00edodo de incuba\u00e7\u00e3o m\u00e9dio. O indiv\u00edduo, se contaminado, provavelmente estar\u00e1 eliminando o v\u00edrus, aumentando a chance real de detectar prote\u00edna viral no teste r\u00e1pido de ant\u00edgeno em pessoas assintom\u00e1ticas\u201d, afirma.<\/p>\n<p>Para realiza\u00e7\u00e3o do autoteste, o indiv\u00edduo deve seguir todas as instru\u00e7\u00f5es do fabricante e atender \u00e0 orienta\u00e7\u00e3o de que, a partir do resultado positivo, procure uma unidade de atendimento de sa\u00fade (Unidade de Pronto Atendimento, Unidade B\u00e1sica de Sa\u00fade ou Centro de Refer\u00eancia de Covid-19) para que um profissional habilitado realize a confirma\u00e7\u00e3o do diagn\u00f3stico e d\u00ea orienta\u00e7\u00f5es pertinentes de vigil\u00e2ncia e assist\u00eancia em sa\u00fade. Esse profissional tamb\u00e9m deve notificar o sistema oficial do Minist\u00e9rio da Sa\u00fade (e-SUS Notifica). \u201c\u00c9 o servi\u00e7o de sa\u00fade que vai fazer a efetiva confirma\u00e7\u00e3o e notifica\u00e7\u00e3o desse caso\u201d, ressalta Jaqueline Oliveira.<\/p>\n<p>Outro aspecto importante a ser destacado \u00e9 que os autotestes n\u00e3o s\u00e3o suficientes para justificar o afastamento do trabalho. \u201cNessa situa\u00e7\u00e3o, tamb\u00e9m \u00e9 preciso procurar o servi\u00e7o de sa\u00fade para que sejam tomadas as provid\u00eancias necess\u00e1rias de avalia\u00e7\u00e3o e, se for o caso, a emiss\u00e3o do atestado m\u00e9dico\u201d, esclarece a coordenadora.<\/p>\n<p>Para menores de 14 anos de idade, o autoteste deve ser realizado com a supervis\u00e3o e apoio dos pais ou respons\u00e1veis.<\/p>\n<p><b>Estrat\u00e9gias<\/b><\/p>\n<p>A metodologia de imunocromatografia de fluxo lateral \u00e9 a utilizada pelos exames autorizados pela Ag\u00eancia Nacional de Vigil\u00e2ncia Sanit\u00e1ria (Anvisa) para venda comercial no pa\u00eds, por ser de f\u00e1cil utiliza\u00e7\u00e3o e r\u00e1pida resposta. \u201c\u00c9 importante ressaltar que os exames s\u00e3o sens\u00edveis \u00e0s condi\u00e7\u00f5es ambientais e precisam ter orienta\u00e7\u00f5es respeitadas para o adequado desempenho\u201d, afirma Jaqueline.<\/p>\n<p>A SES-MG monitora a realiza\u00e7\u00e3o dos testes por meio do registro do uso e notifica\u00e7\u00e3o dos casos no sistema oficial do Minist\u00e9rio da Sa\u00fade (MS). Os autotestes com resultado positivo e notificados por um profissional de sa\u00fade s\u00e3o computados juntamente com todos os demais exames realizados em servi\u00e7os privados ou p\u00fablicos de sa\u00fade. Em rela\u00e7\u00e3o aos testes como um todo, a taxa de positividade no \u00faltimo m\u00eas em Minas Gerais alternou entre 15% no in\u00edcio do m\u00eas de abril, 18% em meados de abril e 14% no in\u00edcio de maio.<\/p>\n<p>A regula\u00e7\u00e3o dos autotestes e a realiza\u00e7\u00e3o de exames nos servi\u00e7os de sa\u00fade est\u00e3o entre as principais estrat\u00e9gias desenvolvidas ao longo da pandemia para subsidiar tomadas de decis\u00e3o assertivas e pol\u00edticas p\u00fablicas baseadas em evid\u00eancias. Em 2022, at\u00e9 o momento, a SES-MG j\u00e1 distribuiu 3.442.990 testes r\u00e1pidos de ant\u00edgeno para os munic\u00edpios de Minas Gerais como forma de incrementar as a\u00e7\u00f5es de testagem da covid-19.<\/p>\n<p>No fim de abril, a SES-MG tamb\u00e9m publicou uma nova vers\u00e3o do Manual do Diagn\u00f3stico da covid-19, que atualiza as orienta\u00e7\u00f5es para realiza\u00e7\u00e3o de testagem, abrangendo os casos sintom\u00e1ticos, a busca ativa para identifica\u00e7\u00e3o de surtos e contatos com casos suspeitos ou confirmados e a triagem de pessoas assintom\u00e1ticas, independentemente da situa\u00e7\u00e3o vacinal. O documento \u00e9 baseado no Plano Nacional de Amplia\u00e7\u00e3o da Testagem, do Minist\u00e9rio da Sa\u00fade, e est\u00e1 dispon\u00edvel no link\u00a0<a href=\"https:\/\/coronavirus.saude.mg.gov.br\/notas\" target=\"_blank\" rel=\"noopener noreferrer\" data-auth=\"NotApplicable\" data-linkindex=\"1\">coronavirus.saude.mg.gov.br\/notas<\/a>.<\/p>\n<p><img decoding=\"async\" src=\"https:\/\/www.agenciaminas.mg.gov.br\/ckeditor_assets\/pictures\/14130\/content_infografia_uso_de_autotestes_de_covid.jpg\" \/><\/p>\n<p>Fonte: Ag\u00eancia Minas<\/p>\n","protected":false},"excerpt":{"rendered":"<p>Com o acesso ao exame, a popula\u00e7\u00e3o passa a ter mais um meio de identificar casos da doen\u00e7a. Na pr\u00e1tica, o intuito \u00e9 que o pr\u00f3prio paciente possa realizar a coleta de material, com resultado r\u00e1pido, em at\u00e9 30 minutos, a depender do fabricante do produto, que pode ser adquirido em drogarias, farm\u00e1cias e distribuidoras [&hellip;]<\/p>\n","protected":false},"author":246,"featured_media":199237,"comment_status":"closed","ping_status":"closed","sticky":false,"template":"","format":"standard","meta":{"footnotes":""},"categories":[436,254,439],"tags":[],"class_list":["post-199236","post","type-post","status-publish","format-standard","has-post-thumbnail","hentry","category-destaque-da-semana","category-politica","category-ultima-hora"],"_links":{"self":[{"href":"https:\/\/diarioregionaldigital.com.br\/index.php?rest_route=\/wp\/v2\/posts\/199236","targetHints":{"allow":["GET"]}}],"collection":[{"href":"https:\/\/diarioregionaldigital.com.br\/index.php?rest_route=\/wp\/v2\/posts"}],"about":[{"href":"https:\/\/diarioregionaldigital.com.br\/index.php?rest_route=\/wp\/v2\/types\/post"}],"author":[{"embeddable":true,"href":"https:\/\/diarioregionaldigital.com.br\/index.php?rest_route=\/wp\/v2\/users\/246"}],"replies":[{"embeddable":true,"href":"https:\/\/diarioregionaldigital.com.br\/index.php?rest_route=%2Fwp%2Fv2%2Fcomments&post=199236"}],"version-history":[{"count":1,"href":"https:\/\/diarioregionaldigital.com.br\/index.php?rest_route=\/wp\/v2\/posts\/199236\/revisions"}],"predecessor-version":[{"id":199238,"href":"https:\/\/diarioregionaldigital.com.br\/index.php?rest_route=\/wp\/v2\/posts\/199236\/revisions\/199238"}],"wp:featuredmedia":[{"embeddable":true,"href":"https:\/\/diarioregionaldigital.com.br\/index.php?rest_route=\/wp\/v2\/media\/199237"}],"wp:attachment":[{"href":"https:\/\/diarioregionaldigital.com.br\/index.php?rest_route=%2Fwp%2Fv2%2Fmedia&parent=199236"}],"wp:term":[{"taxonomy":"category","embeddable":true,"href":"https:\/\/diarioregionaldigital.com.br\/index.php?rest_route=%2Fwp%2Fv2%2Fcategories&post=199236"},{"taxonomy":"post_tag","embeddable":true,"href":"https:\/\/diarioregionaldigital.com.br\/index.php?rest_route=%2Fwp%2Fv2%2Ftags&post=199236"}],"curies":[{"name":"wp","href":"https:\/\/api.w.org\/{rel}","templated":true}]}}