{"id":199229,"date":"2022-05-20T12:58:08","date_gmt":"2022-05-20T15:58:08","guid":{"rendered":"https:\/\/diarioregionaldigital.com.br\/?p=199229"},"modified":"2022-05-20T12:58:08","modified_gmt":"2022-05-20T15:58:08","slug":"governador-se-reune-com-representantes-do-turismo-da-regiao-do-pico-da-ibituruna","status":"publish","type":"post","link":"https:\/\/diarioregionaldigital.com.br\/?p=199229","title":{"rendered":"Governador se re\u00fane com representantes do turismo da regi\u00e3o do Pico da Ibituruna"},"content":{"rendered":"<p>O governador Romeu Zema cumpriu agendas de trabalho nesta quinta-feira (19\/5), em Governador Valadares, na regi\u00e3o do Vale do Rio Doce. Durante visita ao Pico da\u00a0Ibituruna, imponente forma\u00e7\u00e3o rochosa e cart\u00e3o-postal da cidade,\u00a0Zema discutiu pol\u00edticas para o desenvolvimento do setor tur\u00edstico na regi\u00e3o com representantes de entidades da \u00e1rea, como o Conselho Municipal de Turismo de Governador Valadares, a Associa\u00e7\u00e3o Brasileira de Ag\u00eancias de Viagens (Abav)\u00a0e Inst\u00e2ncia de Governan\u00e7a Regional Trilhas do Rio Doce (IGR).<\/p>\n<p>Situado a 1.123 metros acima do n\u00edvel do mar, o Pico da\u00a0Ibituruna tornou Governador Valadares conhecida como Capital Mundial do voo livre por se destacar nos saltos de parapente e asa delta, tanto no pa\u00eds como internacionalmente. O local foi tombado como patrim\u00f4nio pelo\u00a0<a href=\"http:\/\/www.iepha.mg.gov.br\/\" target=\"_blank\" rel=\"noopener\">Instituto Estadual do Patrim\u00f4nio Hist\u00f3rico e Art\u00edstico de Minas Gerais (Iepha-MG)<\/a>.<\/p>\n<p>Em 2021, o Iepha repassou R$ 170,3 mil para o munic\u00edpio de Governador Valadares, que tamb\u00e9m foi contemplado com R$ 290 mil para dois projetos, por meio do programa Reviva Turismo, da\u00a0<a href=\"http:\/\/www.secult.mg.gov.br\/\" target=\"_blank\" rel=\"noopener\">Secretaria de Estado de Cultura e Turismo de Minas Gerais (Secult-MG)<\/a>. Lan\u00e7ado no ano passado, o programa conta com a\u00e7\u00f5es para impulsionar a retomada segura das atividades tur\u00edsticas e estimular toda a cadeia produtiva, que envolve oficialmente 15 segmentos econ\u00f4micos, segundo crit\u00e9rios do Minist\u00e9rio do Turismo.<\/p>\n<p><strong>Seguran\u00e7a<\/strong><\/p>\n<p>O governador destacou a capacidade de recupera\u00e7\u00e3o do segmento no estado ap\u00f3s dois anos de preju\u00edzos. &#8220;Os n\u00fameros t\u00eam mostrado que Minas \u00e9 o estado que mais cresceu no p\u00f3s-pandemia, com hot\u00e9is lotados, principalmente nas cidades com atra\u00e7\u00f5es tur\u00edsticas. Queremos melhorar a estrutura para que as cidades possam atrair cada vez mais visitantes\u201d, disse.<\/p>\n<p>O chefe do Executivo estadual\u00a0atribuiu tal potencial \u00e0 hospitalidade mineira e \u00e0 tranquilidade garantida a quem visita o estado. &#8220;Estamos com a faca e o queijo na m\u00e3o: o povo acolhedor de Minas e a boa gastronomia. Al\u00e9m disso, somos o estado mais seguro do Brasil, o que tem um peso grande quando algu\u00e9m est\u00e1 escolhendo o destino da viagem&#8221;, afirmou.<\/p>\n<p>Durante a conversa, Zema ainda citou como um dos exemplos de investimento no setor no estado a rota Via Liberdade, lan\u00e7ada em abril pelo Governo de Minas, e que envolve recursos de R$ 12 milh\u00f5es para fomentar o turismo por 30 cidades ao longo de 1.179 quil\u00f4metros da BR-040, englobando ainda os estados do Rio de Janeiro e Goi\u00e1s, al\u00e9m do Distrito Federal.<\/p>\n<p><strong>Vereadores<\/strong><\/p>\n<p>Durante a manh\u00e3, o governador\u00a0participou do Encontro Estadual de Vereadores no audit\u00f3rio do col\u00e9gio Genoma, em Governador Valadares. O encontro \u00e9 realizado uma vez por ano em cada regi\u00e3o do estado pela seccional mineira da Uni\u00e3o de Vereadores do Brasil (UVB), com a finalidade de capacitar os representantes das c\u00e2maras municipais. &#8220;Fa\u00e7o quest\u00e3o de ter esse momento com os vereadores, que s\u00e3o emiss\u00e1rios da voz do povo, e est\u00e3o a par das maiores necessidades e dos grandes problemas\u201d, considerou Zema.<\/p>\n<p>O Governo de Minas j\u00e1 adiantou R$ 8,9 milh\u00f5es a 45 munic\u00edpios da regi\u00e3o do Rio Doce em fun\u00e7\u00e3o das chuvas que castigaram o estado no in\u00edcio do ano, dentro do\u00a0<a href=\"http:\/\/www.recuperaminas.mg.gov.br\/\" target=\"_blank\" rel=\"noopener\">Recupera Minas<\/a>, pacote de a\u00e7\u00f5es do Governo de Minas que inclui aux\u00edlio a desalojados e desabrigados, reconstru\u00e7\u00e3o de casas, estradas e outras medidas de apoio.<\/p>\n<p>O evento tamb\u00e9m reuniu deputados das esferas estadual e federal de Minas Gerais, al\u00e9m do prefeito de Governador Valadares, Andr\u00e9 Merlo.<\/p>\n<p><span style=\"font-weight: 400;\">Fonte: Ag\u00eancia Minas\u00a0<\/span><span style=\"font-weight: 400;\"><br \/>\n<\/span><\/p>\n","protected":false},"excerpt":{"rendered":"<p>O governador Romeu Zema cumpriu agendas de trabalho nesta quinta-feira (19\/5), em Governador Valadares, na regi\u00e3o do Vale do Rio Doce. Durante visita ao Pico da\u00a0Ibituruna, imponente forma\u00e7\u00e3o rochosa e cart\u00e3o-postal da cidade,\u00a0Zema discutiu pol\u00edticas para o desenvolvimento do setor tur\u00edstico na regi\u00e3o com representantes de entidades da \u00e1rea, como o Conselho Municipal de Turismo [&hellip;]<\/p>\n","protected":false},"author":246,"featured_media":199230,"comment_status":"closed","ping_status":"closed","sticky":false,"template":"","format":"standard","meta":{"footnotes":""},"categories":[436,440,254,439],"tags":[],"class_list":["post-199229","post","type-post","status-publish","format-standard","has-post-thumbnail","hentry","category-destaque-da-semana","category-destaques-do-dia","category-politica","category-ultima-hora"],"_links":{"self":[{"href":"https:\/\/diarioregionaldigital.com.br\/index.php?rest_route=\/wp\/v2\/posts\/199229","targetHints":{"allow":["GET"]}}],"collection":[{"href":"https:\/\/diarioregionaldigital.com.br\/index.php?rest_route=\/wp\/v2\/posts"}],"about":[{"href":"https:\/\/diarioregionaldigital.com.br\/index.php?rest_route=\/wp\/v2\/types\/post"}],"author":[{"embeddable":true,"href":"https:\/\/diarioregionaldigital.com.br\/index.php?rest_route=\/wp\/v2\/users\/246"}],"replies":[{"embeddable":true,"href":"https:\/\/diarioregionaldigital.com.br\/index.php?rest_route=%2Fwp%2Fv2%2Fcomments&post=199229"}],"version-history":[{"count":2,"href":"https:\/\/diarioregionaldigital.com.br\/index.php?rest_route=\/wp\/v2\/posts\/199229\/revisions"}],"predecessor-version":[{"id":199233,"href":"https:\/\/diarioregionaldigital.com.br\/index.php?rest_route=\/wp\/v2\/posts\/199229\/revisions\/199233"}],"wp:featuredmedia":[{"embeddable":true,"href":"https:\/\/diarioregionaldigital.com.br\/index.php?rest_route=\/wp\/v2\/media\/199230"}],"wp:attachment":[{"href":"https:\/\/diarioregionaldigital.com.br\/index.php?rest_route=%2Fwp%2Fv2%2Fmedia&parent=199229"}],"wp:term":[{"taxonomy":"category","embeddable":true,"href":"https:\/\/diarioregionaldigital.com.br\/index.php?rest_route=%2Fwp%2Fv2%2Fcategories&post=199229"},{"taxonomy":"post_tag","embeddable":true,"href":"https:\/\/diarioregionaldigital.com.br\/index.php?rest_route=%2Fwp%2Fv2%2Ftags&post=199229"}],"curies":[{"name":"wp","href":"https:\/\/api.w.org\/{rel}","templated":true}]}}