{"id":199222,"date":"2022-05-20T12:40:49","date_gmt":"2022-05-20T15:40:49","guid":{"rendered":"https:\/\/diarioregionaldigital.com.br\/?p=199222"},"modified":"2022-05-20T12:40:49","modified_gmt":"2022-05-20T15:40:49","slug":"ministro-privatizacao-pode-aumentar-recursos-para-infraestrutura","status":"publish","type":"post","link":"https:\/\/diarioregionaldigital.com.br\/?p=199222","title":{"rendered":"Ministro: privatiza\u00e7\u00e3o pode aumentar recursos para infraestrutura"},"content":{"rendered":"<p>O ministro da Economia, Paulo Guedes, defendeu\u00a0hoje\u00a0(19) a privatiza\u00e7\u00e3o como forma de aumentar os investimentos em infraestrutura. Segundo o ministro, \u201cmodelo antigo\u201d, baseado em grandes empresas estatais \u201cse esgotou\u201d.\u00a0<img decoding=\"async\" src=\"https:\/\/agenciabrasil.ebc.com.br\/ebc.png?id=1460689&amp;o=node\" \/><img decoding=\"async\" src=\"https:\/\/agenciabrasil.ebc.com.br\/ebc.gif?id=1460689&amp;o=node\" \/><\/p>\n<p>\u201cS\u00f3 uma empresa, a Cedae [Companhia Estadual de \u00c1guas e Esgotos do Rio\u00a0de Janeiro], quando fizemos o marco do saneamento, mobilizou em um fim de semana, aqui em S\u00e3o Paulo, R$ 50 bilh\u00f5es. Seis vezes e meia o or\u00e7amento do ministro [da Infraestrutura]\u201d, disse, ao comparar o resultado do leil\u00e3o realizado em abril e o or\u00e7amento do Minist\u00e9rio da Infraestrutura. Na ocasi\u00e3o, foram pagos R$ 22,69 bilh\u00f5es em outorgas e est\u00e3o previstos R$ 30 bilh\u00f5es em investimentos em 12 anos. O ministro participou de um semin\u00e1rio promovido pela plataforma Arko Advice e Traders Club.<\/p>\n<p>Ontem\u00a0(18), o plen\u00e1rio do Tribunal de Contas da Uni\u00e3o (TCU) aprovou o modelo de privatiza\u00e7\u00e3o da Eletrobras, estatal considerada a maior empresa energ\u00e9tica da Am\u00e9rica Latina.<\/p>\n<h2>IPI<\/h2>\n<p>Guedes afirmou ainda que a alta carga tribut\u00e1ria tem provocado a redu\u00e7\u00e3o da produ\u00e7\u00e3o industrial do pa\u00eds nos \u00faltimos anos. \u201cO IPI [Imposto sobre Produtos Industrializados] desindustrializou o Brasil\u201d, enfatizou\u00a0durante a palestra. Segundo o ministro, s\u00e3o os impostos que fazem com que o pa\u00eds tenha que importar produtos que poderiam ser produzidos nacionalmente. \u201cO Brasil tem mat\u00e9ria-prima de toda esp\u00e9cie. Ou seja, tem a soja, mas, \u00e0s vezes tem que trazer de fora o \u00f3leo de soja, Tem o min\u00e9rio de ferro, mas, \u00e0s vezes, tem que trazer de fora o a\u00e7o.\u201d<\/p>\n<p>Guedes disse que o governo aproveitou o aumento de arrecada\u00e7\u00e3o para diminuir os valores cobrados com o imposto. \u201cPela primeira vez, em 40 anos, n\u00f3s baixamos o IPI. Ningu\u00e9m fez isso antes\u201d, destacou. Em fevereiro, uma s\u00e9rie de produtos teve as al\u00edquotas do IPI reduzidas em 25%, percentual que foi ampliado para 35% a partir\u00a0de maio. De acordo com o Minist\u00e9rio da Economia, com a desonera\u00e7\u00e3o, a Uni\u00e3o deixar\u00e1 de arrecadar R$ 15,2 bilh\u00f5es em 2022, R$ 27,3 bilh\u00f5es em 2023 e R$ 29,3 bilh\u00f5es em 2024.<\/p>\n<h2>Infla\u00e7\u00e3o<\/h2>\n<p>O ministro tamb\u00e9m comentou sobre a alta infla\u00e7\u00e3o que, segundo ele, \u00e9 um fen\u00f4meno mundial. \u201cA infla\u00e7\u00e3o que tem\u00a0hoje\u00a0\u00e9 uma infla\u00e7\u00e3o mundial, porque os bancos centrais dormiram no volante. O nosso [Banco Central]\u00a0j\u00e1 acordou, saiu correndo e tomou um caf\u00e9: est\u00e1 vivo\u201d, disse, sobre o aumento da taxa b\u00e1sica de juros que o Banco Central tem feito desde o ano passado para conter o aumento generalizado de pre\u00e7os.<\/p>\n<p>De acordo com Guedes, a infla\u00e7\u00e3o mundial \u00e9 causada por uma desorganiza\u00e7\u00e3o da produ\u00e7\u00e3o provocada pelas medidas restritivas para conter a pandemia de covid-19. \u201cComo houve essa ruptura de cadeias produtivas, o mundo deu uma desorganizada geral. Houve um choque adverso de oferta. E ao mesmo tempo todos os governos lan\u00e7aram esses programas sociais. Ou seja, a demanda aumentou forte, a oferta foi contida e a infla\u00e7\u00e3o global subiu.\u201d<\/p>\n<p>Fonte: Ag\u00eancia Brasil<\/p>\n","protected":false},"excerpt":{"rendered":"<p>O ministro da Economia, Paulo Guedes, defendeu\u00a0hoje\u00a0(19) a privatiza\u00e7\u00e3o como forma de aumentar os investimentos em infraestrutura. Segundo o ministro, \u201cmodelo antigo\u201d, baseado em grandes empresas estatais \u201cse esgotou\u201d.\u00a0 \u201cS\u00f3 uma empresa, a Cedae [Companhia Estadual de \u00c1guas e Esgotos do Rio\u00a0de Janeiro], quando fizemos o marco do saneamento, mobilizou em um fim de semana, [&hellip;]<\/p>\n","protected":false},"author":246,"featured_media":199223,"comment_status":"closed","ping_status":"closed","sticky":false,"template":"","format":"standard","meta":{"footnotes":""},"categories":[436,261,439],"tags":[],"class_list":["post-199222","post","type-post","status-publish","format-standard","has-post-thumbnail","hentry","category-destaque-da-semana","category-economia","category-ultima-hora"],"_links":{"self":[{"href":"https:\/\/diarioregionaldigital.com.br\/index.php?rest_route=\/wp\/v2\/posts\/199222","targetHints":{"allow":["GET"]}}],"collection":[{"href":"https:\/\/diarioregionaldigital.com.br\/index.php?rest_route=\/wp\/v2\/posts"}],"about":[{"href":"https:\/\/diarioregionaldigital.com.br\/index.php?rest_route=\/wp\/v2\/types\/post"}],"author":[{"embeddable":true,"href":"https:\/\/diarioregionaldigital.com.br\/index.php?rest_route=\/wp\/v2\/users\/246"}],"replies":[{"embeddable":true,"href":"https:\/\/diarioregionaldigital.com.br\/index.php?rest_route=%2Fwp%2Fv2%2Fcomments&post=199222"}],"version-history":[{"count":2,"href":"https:\/\/diarioregionaldigital.com.br\/index.php?rest_route=\/wp\/v2\/posts\/199222\/revisions"}],"predecessor-version":[{"id":199225,"href":"https:\/\/diarioregionaldigital.com.br\/index.php?rest_route=\/wp\/v2\/posts\/199222\/revisions\/199225"}],"wp:featuredmedia":[{"embeddable":true,"href":"https:\/\/diarioregionaldigital.com.br\/index.php?rest_route=\/wp\/v2\/media\/199223"}],"wp:attachment":[{"href":"https:\/\/diarioregionaldigital.com.br\/index.php?rest_route=%2Fwp%2Fv2%2Fmedia&parent=199222"}],"wp:term":[{"taxonomy":"category","embeddable":true,"href":"https:\/\/diarioregionaldigital.com.br\/index.php?rest_route=%2Fwp%2Fv2%2Fcategories&post=199222"},{"taxonomy":"post_tag","embeddable":true,"href":"https:\/\/diarioregionaldigital.com.br\/index.php?rest_route=%2Fwp%2Fv2%2Ftags&post=199222"}],"curies":[{"name":"wp","href":"https:\/\/api.w.org\/{rel}","templated":true}]}}