{"id":199211,"date":"2022-05-20T12:30:46","date_gmt":"2022-05-20T15:30:46","guid":{"rendered":"https:\/\/diarioregionaldigital.com.br\/?p=199211"},"modified":"2022-05-20T12:30:46","modified_gmt":"2022-05-20T15:30:46","slug":"policia-militar-atende-vitimas-de-roubo-no-bairro-sao-mateus","status":"publish","type":"post","link":"https:\/\/diarioregionaldigital.com.br\/?p=199211","title":{"rendered":"Pol\u00edcia Militar atende v\u00edtimas de roubo no bairro S\u00e3o Mateus"},"content":{"rendered":"<p>No dia 19mai22 por volta das 20h50min, a Pol\u00edcia Militar compareceu na Rua S\u00e3o Mateus para atendimento a tr\u00eas vitimas de roubo (13,13 e 19 anos). Segundo relato, transitavam pelo local quando foram surpreendidos por dois suspeitos numa moto cor preta, um deles simulando estar armado anunciou o roubo, subtraiu 03 aparelhos celulares e evadiram. V\u00edtimas orientadas quanto \u00e0s demais provid\u00eancias. A PM segue rastreamento.<\/p>\n","protected":false},"excerpt":{"rendered":"<p>No dia 19mai22 por volta das 20h50min, a Pol\u00edcia Militar compareceu na Rua S\u00e3o Mateus para atendimento a tr\u00eas vitimas de roubo (13,13 e 19 anos). Segundo relato, transitavam pelo local quando foram surpreendidos por dois suspeitos numa moto cor preta, um deles simulando estar armado anunciou o roubo, subtraiu 03 aparelhos celulares e evadiram. [&hellip;]<\/p>\n","protected":false},"author":246,"featured_media":199212,"comment_status":"closed","ping_status":"closed","sticky":false,"template":"","format":"standard","meta":{"footnotes":""},"categories":[301,436,439],"tags":[],"class_list":["post-199211","post","type-post","status-publish","format-standard","has-post-thumbnail","hentry","category-artigos-policiais","category-destaque-da-semana","category-ultima-hora"],"_links":{"self":[{"href":"https:\/\/diarioregionaldigital.com.br\/index.php?rest_route=\/wp\/v2\/posts\/199211","targetHints":{"allow":["GET"]}}],"collection":[{"href":"https:\/\/diarioregionaldigital.com.br\/index.php?rest_route=\/wp\/v2\/posts"}],"about":[{"href":"https:\/\/diarioregionaldigital.com.br\/index.php?rest_route=\/wp\/v2\/types\/post"}],"author":[{"embeddable":true,"href":"https:\/\/diarioregionaldigital.com.br\/index.php?rest_route=\/wp\/v2\/users\/246"}],"replies":[{"embeddable":true,"href":"https:\/\/diarioregionaldigital.com.br\/index.php?rest_route=%2Fwp%2Fv2%2Fcomments&post=199211"}],"version-history":[{"count":1,"href":"https:\/\/diarioregionaldigital.com.br\/index.php?rest_route=\/wp\/v2\/posts\/199211\/revisions"}],"predecessor-version":[{"id":199214,"href":"https:\/\/diarioregionaldigital.com.br\/index.php?rest_route=\/wp\/v2\/posts\/199211\/revisions\/199214"}],"wp:featuredmedia":[{"embeddable":true,"href":"https:\/\/diarioregionaldigital.com.br\/index.php?rest_route=\/wp\/v2\/media\/199212"}],"wp:attachment":[{"href":"https:\/\/diarioregionaldigital.com.br\/index.php?rest_route=%2Fwp%2Fv2%2Fmedia&parent=199211"}],"wp:term":[{"taxonomy":"category","embeddable":true,"href":"https:\/\/diarioregionaldigital.com.br\/index.php?rest_route=%2Fwp%2Fv2%2Fcategories&post=199211"},{"taxonomy":"post_tag","embeddable":true,"href":"https:\/\/diarioregionaldigital.com.br\/index.php?rest_route=%2Fwp%2Fv2%2Ftags&post=199211"}],"curies":[{"name":"wp","href":"https:\/\/api.w.org\/{rel}","templated":true}]}}