{"id":199209,"date":"2022-05-19T06:00:43","date_gmt":"2022-05-19T09:00:43","guid":{"rendered":"https:\/\/diarioregionaldigital.com.br\/?p=199209"},"modified":"2022-05-20T00:23:14","modified_gmt":"2022-05-20T03:23:14","slug":"palavras-comovem-testemunhos-arrastam-19-05-2022","status":"publish","type":"post","link":"https:\/\/diarioregionaldigital.com.br\/?p=199209","title":{"rendered":"Palavras Comovem! Testemunhos Arrastam! &#8211; 19\/05\/2022"},"content":{"rendered":"<p>Meu caro leitor \u00e9 com alegria que novamente estamos chegando at\u00e9 voc\u00ea para mais uma edi\u00e7\u00e3o de palavras comovem mas testemunhos arrastam. Bem sei de sua expectativa para ler os testemunhos aqui apresentados. Hoje teremos dois belos vamos ao primeiro:<br \/>\nDevoto: Hoje venho agradecer pelo sucesso da minha cirurgia, estou em recupera\u00e7\u00e3o, mas cada dia melhor. Agrade\u00e7o ao padre Erelis e a todos do grupo pelas ora\u00e7\u00f5es e aos santos pela intercess\u00e3o junto a Deus pelas b\u00ean\u00e7\u00e3os recebidas. S\u00e3o Judas Tadeu de jesus ap\u00f3stolo amado seja no c\u00e9u nosso advogado! Am\u00e9m!!!. Vamos ao segundo testemunho:<br \/>\nEm 14 de mar\u00e7o de 2018, minha av\u00f3 veio a \u00f3bito e no dia 16 de mar\u00e7o do mesmo ano eu descobri minha gravidez. Eu e meu esposo prepar\u00e1vamos o ch\u00e1 de beb\u00ea conforme t\u00ednhamos planejado com o tema chuva de ben\u00e7\u00f5es.<br \/>\nDesde quando descobrimos o sexo do beb\u00ea (menina), come\u00e7aram os coment\u00e1rios maldosos como: \u201cN\u00e3o. Seu beb\u00ea \u00e9 um menino, tem que ser um menino\u201d. Ou \u201c e esse beb\u00ea a\u00ed n\u00e3o vai nascer n\u00e3o aqui todos nasceram de 7 meses est\u00e1 na hora de ganhar\u201d.<br \/>\nCr\u00edtica maliciosa que me chateava que deixava n\u00e3o s\u00f3 aquele ar de rejei\u00e7\u00e3o como o sentimento da infelicidade daquelas pessoas, palavras das quais se tornaram constantes.<br \/>\nNo dia ch\u00e1 de beb\u00ea hav\u00edamos preparado para 100 pessoas mas apareceram entre 20 e 30 pessoas percebemos que estavam ali por estar, nem fotos quiseram tirar.<br \/>\nNo fim daquele dia eu comecei a me sentir estranha com maus pressentimentos.<br \/>\nChegando na consulta o medico fazendo a ultra-som disse que a beb\u00ea j\u00e1 estava virada mas ele<br \/>\nn\u00e3o conseguiu achar os batimentos card\u00edacos da minha beb\u00ea eu tinha raiva de tudo e de todos at\u00e9 de Deus por ter permitido aquela trag\u00e9dia na minha vida.<br \/>\nNo fundo mesmo com tanta m\u00e1goas e rancor eu tinha esperan\u00e7a de ao nascer eu escutar o chorinho dela mas infelizmente n\u00e3o aconteceu e mais raiva eu fiquei com todo o carinho da equipe m\u00e9dica eles me deixaram a pegar no colo beijar tocar sua pele morena clara seus cabelos loirinhos a beijei com tanto amor disse que a amava mas infelizmente eu n\u00e3o pude t\u00ea-la comigo.<br \/>\n4 meses depois Com todos esses acontecimentos e ang\u00fastia me correndo pensei sim em suic\u00eddio e decidida acabar com aquele sofrimento no banho notei um l\u00edquido saindo em meu peito que parecia ser um leite materno com o peito cheio de alegria. No dia 16 de maio fiz um exame de sangue pra confirmar e junto com a alegria veio a inseguran\u00e7a e incerteza de acontecer tudo de novo. Minha cunhada que tanto insistia em falar de Deus pra mim dizendo que eu desse meu primeiro passo: come\u00e7asse ir na igreja e confessasse pra tirar toda essa raiva de dentro de mim.<br \/>\nFui na igreja Santa Rita me Confessei com o padre Erelis que me aconselhou a ter duas op\u00e7\u00f5es saber o sexo do beb\u00ea e n\u00e3o contar a ningu\u00e9m ou n\u00e3o saber meu marido e eu decidimos saber e n\u00e3o contar a ningu\u00e9m.<br \/>\nDurante minha segunda gravidez teve alguns contratempos: ter que fazer uma ultra-som pra saber se a crian\u00e7a estaria viva. Com apenas meu marido trabalhando eu n\u00e3o tinha o dinheiro pra pagar eu recorri ao sus, me disseram que n\u00e3o teria vaga eu desesperada segurei no bra\u00e7o daquela assistente e pedi que ela me ligasse assim que surgisse uma vaga.Confiei totalmente e Deus e me entreguei de corpo, alma e cora\u00e7\u00e3o, pedi a Santa Rita de C\u00e1ssia que me ajudasse. Recebi a liga\u00e7\u00e3o dessa mo\u00e7a uns dias depois marcando minha ultra-som para o dia 09 de outubro no dia 10 de outubro foi minha consulta ao pr\u00e9 natal.<br \/>\nQuando cheguei em casa comecei a sentir leves c\u00f3licas no banho para aliviar a dor minha bolsa estourou e no dia 11 ela nasceu linda; forte; saud\u00e1vel e foi tudo lindo, maravilhoso conforme eu pedi a Santa Rita e nossa Senhora Aparecida. Prometi a Santa Rita de C\u00e1ssia que se tudo desse certo eu daria meu testemunho em um dia da quinzena para que atrav\u00e9s do meu milagre voc\u00eas teriam, F\u00e9, esperan\u00e7a e a cren\u00e7a<br \/>\nque Deus existe e apesar de sermos falhos e pecadores Ele nunca nos abandonam. Com a perda da minha primeira filha hoje eu sei que tudo tem um prop\u00f3sito que a beb\u00ea veio apenas de passagem na nossas vidas para nos deixar a mensagem de que n\u00f3s somos mais forte do que parecemos, que nem todas as pessoas que est\u00e3o presentes s\u00e3o presentes, que o mal existe; e que a F\u00e9 nos salva; que os santos existem e enternecem a Deus por n\u00f3s. Am\u00e9m.<br \/>\nVejam como milagres acontecem! Convido vc para participar da missa de S\u00e3o Judas Tadeu das causas imposs\u00edveis clamando a miseric\u00f3rdia de Jesus por sa\u00fade e liberta\u00e7\u00e3o as quartas feiras \u00e0s 19h na igreja de Santa Rita e o terco todos os dias \u00e0s 07h; \u00e0s 20e30 pelo YouTube; Facebook; Instagran do Santu\u00e1rio virtual S\u00e3o Judas Tadeu svsaojudastadeu e \u00e0s 22 pelo Whatzap. com deixo o n\u00famero do meu celular para me ligarem quando precisar de uma ora\u00e7\u00e3o 988652609 se eu n\u00e3o atender na hora eu retornarei assim que eu ver a liba\u00e7\u00e3o.<\/p>\n","protected":false},"excerpt":{"rendered":"<p>Meu caro leitor \u00e9 com alegria que novamente estamos chegando at\u00e9 voc\u00ea para mais uma edi\u00e7\u00e3o de palavras comovem mas testemunhos arrastam. Bem sei de sua expectativa para ler os testemunhos aqui apresentados. Hoje teremos dois belos vamos ao primeiro: Devoto: Hoje venho agradecer pelo sucesso da minha cirurgia, estou em recupera\u00e7\u00e3o, mas cada dia [&hellip;]<\/p>\n","protected":false},"author":96,"featured_media":0,"comment_status":"closed","ping_status":"closed","sticky":false,"template":"","format":"standard","meta":{"footnotes":""},"categories":[1245],"tags":[],"class_list":["post-199209","post","type-post","status-publish","format-standard","hentry","category-padre-erelis"],"_links":{"self":[{"href":"https:\/\/diarioregionaldigital.com.br\/index.php?rest_route=\/wp\/v2\/posts\/199209","targetHints":{"allow":["GET"]}}],"collection":[{"href":"https:\/\/diarioregionaldigital.com.br\/index.php?rest_route=\/wp\/v2\/posts"}],"about":[{"href":"https:\/\/diarioregionaldigital.com.br\/index.php?rest_route=\/wp\/v2\/types\/post"}],"author":[{"embeddable":true,"href":"https:\/\/diarioregionaldigital.com.br\/index.php?rest_route=\/wp\/v2\/users\/96"}],"replies":[{"embeddable":true,"href":"https:\/\/diarioregionaldigital.com.br\/index.php?rest_route=%2Fwp%2Fv2%2Fcomments&post=199209"}],"version-history":[{"count":1,"href":"https:\/\/diarioregionaldigital.com.br\/index.php?rest_route=\/wp\/v2\/posts\/199209\/revisions"}],"predecessor-version":[{"id":199210,"href":"https:\/\/diarioregionaldigital.com.br\/index.php?rest_route=\/wp\/v2\/posts\/199209\/revisions\/199210"}],"wp:attachment":[{"href":"https:\/\/diarioregionaldigital.com.br\/index.php?rest_route=%2Fwp%2Fv2%2Fmedia&parent=199209"}],"wp:term":[{"taxonomy":"category","embeddable":true,"href":"https:\/\/diarioregionaldigital.com.br\/index.php?rest_route=%2Fwp%2Fv2%2Fcategories&post=199209"},{"taxonomy":"post_tag","embeddable":true,"href":"https:\/\/diarioregionaldigital.com.br\/index.php?rest_route=%2Fwp%2Fv2%2Ftags&post=199209"}],"curies":[{"name":"wp","href":"https:\/\/api.w.org\/{rel}","templated":true}]}}