{"id":199207,"date":"2022-05-20T00:20:27","date_gmt":"2022-05-20T03:20:27","guid":{"rendered":"https:\/\/diarioregionaldigital.com.br\/?p=199207"},"modified":"2022-05-20T00:20:27","modified_gmt":"2022-05-20T03:20:27","slug":"o-desafio-de-cristo-pela-lente-de-aristoteles","status":"publish","type":"post","link":"https:\/\/diarioregionaldigital.com.br\/?p=199207","title":{"rendered":"O desafio de Cristo pela lente de Arist\u00f3teles"},"content":{"rendered":"<p>Mateus 5: 48. Sede v\u00f3s, pois, perfeitos, como \u00e9 perfeito o vosso Pai, que est\u00e1 nos c\u00e9us. &#8211; B\u00edblia ARC<\/p>\n<p>Essas s\u00e3o palavras de Jesus Cristo ao terminar a primeira parte do famoso Serm\u00e3o do Monte. Observe a ordem do Mestre: \u201csejam perfeitos!!!\u201d<\/p>\n<p>O fil\u00f3sofo Arist\u00f3teles resolve o dilema do Ser de Parm\u00eanides de uma maneira bastante interessante. Diferente deste que considera imposs\u00edvel coexistirem Ser e Devir, inadmitindo a possibilidade de conciliar Ser e mudan\u00e7a, para aquele a mudan\u00e7a \u00e9 explicada pela dupla caracter\u00edstica de todas as subst\u00e2ncias dispostas no mundo: carregarem ao mesmo tempo \u201cato\u201d e \u201cpot\u00eancia\u201d.<\/p>\n<p>Ato refere-se ao presente, aquilo que \u201c\u00e9\u201d aqui e agora, pot\u00eancia relaciona-se ao devir, portanto aquilo que \u201cpode ser\u201d. Veja, poder ser n\u00e3o significa necessariamente que ser\u00e1.<\/p>\n<p>Como ato, somos o que somos agora, como pot\u00eancia seremos outra coisa no futuro. Usando a lente de Arist\u00f3teles para interpretar a afirma\u00e7\u00e3o de Cristo, creio que o Rei esteja ao mesmo tempo nos informando e desafiando. Informando que carregamos a pot\u00eancia para sermos criaturas santas e desafiando quando nos coloca a tarefa de atualizar, fazer tal pot\u00eancia virar ato.<\/p>\n<p>Mas como ser perfeito se somos de sa\u00edda imperfeitos? Como ser perfeito, se somos pecadores? Ser\u00e1 poss\u00edvel algu\u00e9m se igualar a Cristo e ser t\u00e3o perfeito quanto ele que \u00e9 a imagem de Deus?<\/p>\n<p>A resposta para a \u00faltima indaga\u00e7\u00e3o, que lan\u00e7a luz sobre as outras duas \u00e9 n\u00e3o e sim!<\/p>\n<p>Verdade que jamais chegaremos \u00e0 estatura de Cristo, verdade tamb\u00e9m que jamais estaremos completamente isentos de tenta\u00e7\u00f5es. \u00c9 bem prov\u00e1vel que continuaremos pecando. Ent\u00e3o, n\u00e3o, n\u00e3o seremos como Cristo.<\/p>\n<p>Por\u00e9m, tamb\u00e9m \u00e9 verdade que podemos melhorar a cada dia. \u00c9 poss\u00edvel fortalecer nosso cora\u00e7\u00e3o ao ponto das tenta\u00e7\u00f5es que nos importunam n\u00e3o serem mais tenta\u00e7\u00f5es no futuro. Tamb\u00e9m podemos pecar menos, um dia inteiro, uma semana inteira, um m\u00eas isento de pecado\u2026 ainda que continuemos suscet\u00edveis \u00e0s tenta\u00e7\u00f5es, somos progressivamente menos transgressores. Ent\u00e3o, neste caso, sim, sim seremos como Cristo.<\/p>\n<p>O que quero dizer? A pot\u00eancia da santidade est\u00e1 em n\u00f3s!<\/p>\n<p>Jamais seremos como Cristo todo o tempo, mas podemos ser como Cristo por algum tempo. Jamais seremos como Cristo na intensidade de sua santidade, mas podemos ser cada vez mais intensamente a imagem de Cristo.<\/p>\n<p>Ent\u00e3o o desafio que Jesus nos faz no vers\u00edculo acima \u00e9: desenvolvam o potencial que Deus lhes deu, busquem ser como eu cada vez mais, por um arco de tempo cada vez mais extenso e a cada dia com maior intensidade.<\/p>\n<p>A perfei\u00e7\u00e3o n\u00e3o \u00e9 o ponto de partida, como sabemos, nem um ponto de chegada, posto que \u00e9 um objetivo permanente, a perfei\u00e7\u00e3o est\u00e1 no processo, na caminhada, est\u00e1 na disposi\u00e7\u00e3o de n\u00e3o ultrapassar os limites, respeitar as balizas que nos conduz pela estrada que leva \u00e0 gl\u00f3ria eterna!<\/p>\n<p>Sabemos da pot\u00eancia que Deus colocou dentro de n\u00f3s, afinal ele nos informa que podemos ser perfeitos como Deus, mas \u00e9 preciso tornar pot\u00eancia em ato, pois, como Arist\u00f3teles prop\u00f5e, a pot\u00eancia s\u00f3 se aperfei\u00e7oa quando se desvela em ato.<\/p>\n<p>Sedes perfeitos, com o permanente prop\u00f3sito de querer ser como Jesus Cristo!<\/p>\n","protected":false},"excerpt":{"rendered":"<p>Mateus 5: 48. Sede v\u00f3s, pois, perfeitos, como \u00e9 perfeito o vosso Pai, que est\u00e1 nos c\u00e9us. &#8211; B\u00edblia ARC Essas s\u00e3o palavras de Jesus Cristo ao terminar a primeira parte do famoso Serm\u00e3o do Monte. Observe a ordem do Mestre: \u201csejam perfeitos!!!\u201d O fil\u00f3sofo Arist\u00f3teles resolve o dilema do Ser de Parm\u00eanides de uma [&hellip;]<\/p>\n","protected":false},"author":96,"featured_media":0,"comment_status":"closed","ping_status":"closed","sticky":false,"template":"","format":"standard","meta":{"footnotes":""},"categories":[1244],"tags":[],"class_list":["post-199207","post","type-post","status-publish","format-standard","hentry","category-oleg-abramov"],"_links":{"self":[{"href":"https:\/\/diarioregionaldigital.com.br\/index.php?rest_route=\/wp\/v2\/posts\/199207","targetHints":{"allow":["GET"]}}],"collection":[{"href":"https:\/\/diarioregionaldigital.com.br\/index.php?rest_route=\/wp\/v2\/posts"}],"about":[{"href":"https:\/\/diarioregionaldigital.com.br\/index.php?rest_route=\/wp\/v2\/types\/post"}],"author":[{"embeddable":true,"href":"https:\/\/diarioregionaldigital.com.br\/index.php?rest_route=\/wp\/v2\/users\/96"}],"replies":[{"embeddable":true,"href":"https:\/\/diarioregionaldigital.com.br\/index.php?rest_route=%2Fwp%2Fv2%2Fcomments&post=199207"}],"version-history":[{"count":1,"href":"https:\/\/diarioregionaldigital.com.br\/index.php?rest_route=\/wp\/v2\/posts\/199207\/revisions"}],"predecessor-version":[{"id":199208,"href":"https:\/\/diarioregionaldigital.com.br\/index.php?rest_route=\/wp\/v2\/posts\/199207\/revisions\/199208"}],"wp:attachment":[{"href":"https:\/\/diarioregionaldigital.com.br\/index.php?rest_route=%2Fwp%2Fv2%2Fmedia&parent=199207"}],"wp:term":[{"taxonomy":"category","embeddable":true,"href":"https:\/\/diarioregionaldigital.com.br\/index.php?rest_route=%2Fwp%2Fv2%2Fcategories&post=199207"},{"taxonomy":"post_tag","embeddable":true,"href":"https:\/\/diarioregionaldigital.com.br\/index.php?rest_route=%2Fwp%2Fv2%2Ftags&post=199207"}],"curies":[{"name":"wp","href":"https:\/\/api.w.org\/{rel}","templated":true}]}}