{"id":199197,"date":"2022-05-19T17:22:33","date_gmt":"2022-05-19T20:22:33","guid":{"rendered":"https:\/\/diarioregionaldigital.com.br\/?p=199197"},"modified":"2022-05-19T17:22:33","modified_gmt":"2022-05-19T20:22:33","slug":"demlurb-leva-programa-boniteza-para-o-bairro-sao-pedro-e-outras-areas-da-cidade","status":"publish","type":"post","link":"https:\/\/diarioregionaldigital.com.br\/?p=199197","title":{"rendered":"Demlurb leva programa Boniteza para o bairro S\u00e3o Pedro e outras \u00e1reas da cidade"},"content":{"rendered":"<p>Segundo informa\u00e7\u00f5es do site da Prefeitura de Juiz de Fora, nesta quinta-feira, 19, profissionais do Departamento Municipal de Limpeza Urbana (Demlurb) da Prefeitura de Juiz de Fora (PJF) atuaram na Avenida Pedro Henrique Krambeck, no bairro S\u00e3o Pedro, com servi\u00e7os de ro\u00e7ada, capina, varri\u00e7\u00e3o e recolhimento de res\u00edduos. Desde o in\u00edcio deste m\u00eas, aproximadamente 30 servidores, diariamente, vem atuando com o programa Boniteza na avenida, nas vias adjacentes e no entorno do c\u00f3rrego.<br \/>\nAinda nesta quinta-feira, equipes do Demlurb deram sequ\u00eancia \u00e0s a\u00e7\u00f5es de ro\u00e7ada e limpeza nas margens do Rio Paraibuna, nas regi\u00f5es dos bairros Manoel Hon\u00f3rio, Ladeira. Turmas de capina atuaram na Avenida Brasil, nos bairros Santa Teresa e Ladeira; na Am\u00e9rico Lobo, no bairro Progresso; na Rua Eurico Viana, no bairro Vila Alpina; e na Rua Francisco Bernardino, no Centro.<br \/>\nTamb\u00e9m foram feitos trabalhos de recolhimento de res\u00edduos na Avenida Brasil, na regi\u00e3o do Centro e dos bairros Santa Terezinha e Ladeira; nas ruas Eug\u00eanio Fontainha e Bar\u00e3o do Retiro, no bairro Bonfim; na Rua Am\u00e9rico Lobo, no bairro Progresso; na Rua Ridel Pereira da Silva, no bairro Parque das Torres; na Rua Jo\u00e3o Salvi, no bairro Santa C\u00e2ndida; e Rua Miguel Marcos Perez, no bairro Jardim Natal.<br \/>\n<strong>Gabinete de A\u00e7\u00e3o e Di\u00e1logo Comunit\u00e1rio<\/strong><br \/>\nSolicita\u00e7\u00f5es de servi\u00e7os de zeladoria em Juiz de Fora devem ser feitas no Gabinete de A\u00e7\u00e3o e Di\u00e1logo Comunit\u00e1rio (GADC), que recebe e organiza os pedidos relativos a interven\u00e7\u00f5es e melhorias urbanas. O contato pode ser feito atrav\u00e9s de liga\u00e7\u00e3o telef\u00f4nica para (32) 3690-7241 ou via WhatsApp, utilizando o mesmo n\u00famero. Diariamente, a Secretaria de Governo disponibiliza a lista dos servi\u00e7os que ser\u00e3o realizados pela PJF em cada bairro por meio do\u00a0<a href=\"https:\/\/www.pjf.mg.gov.br\/gabinetecomunitario\/\"><strong>site especial<\/strong><\/a>\u00a0criado pela Secretaria de Comunica\u00e7\u00e3o P\u00fablica (Secom).<br \/>\n\u201c<strong>Demlurb Informa\u201d<\/strong><br \/>\nNo site do Demlurb est\u00e3o dispon\u00edveis informa\u00e7\u00f5es sobre alguns dos principais servi\u00e7os relacionados a descarte de res\u00edduos e suas especifica\u00e7\u00f5es, locais de entrega, dados estat\u00edsticos, parcerias e conv\u00eanios com o \u00f3rg\u00e3o p\u00fablico municipal, atrav\u00e9s do menu\u00a0<a href=\"https:\/\/demlurb.pjf.mg.gov.br\/demlurb_informa.php\"><strong>Demlurb Informa<\/strong><\/a><strong>.<\/strong><\/p>\n","protected":false},"excerpt":{"rendered":"<p>Segundo informa\u00e7\u00f5es do site da Prefeitura de Juiz de Fora, nesta quinta-feira, 19, profissionais do Departamento Municipal de Limpeza Urbana (Demlurb) da Prefeitura de Juiz de Fora (PJF) atuaram na Avenida Pedro Henrique Krambeck, no bairro S\u00e3o Pedro, com servi\u00e7os de ro\u00e7ada, capina, varri\u00e7\u00e3o e recolhimento de res\u00edduos. Desde o in\u00edcio deste m\u00eas, aproximadamente 30 [&hellip;]<\/p>\n","protected":false},"author":246,"featured_media":199198,"comment_status":"closed","ping_status":"closed","sticky":false,"template":"","format":"standard","meta":{"footnotes":""},"categories":[253,436,439],"tags":[],"class_list":["post-199197","post","type-post","status-publish","format-standard","has-post-thumbnail","hentry","category-cidade","category-destaque-da-semana","category-ultima-hora"],"_links":{"self":[{"href":"https:\/\/diarioregionaldigital.com.br\/index.php?rest_route=\/wp\/v2\/posts\/199197","targetHints":{"allow":["GET"]}}],"collection":[{"href":"https:\/\/diarioregionaldigital.com.br\/index.php?rest_route=\/wp\/v2\/posts"}],"about":[{"href":"https:\/\/diarioregionaldigital.com.br\/index.php?rest_route=\/wp\/v2\/types\/post"}],"author":[{"embeddable":true,"href":"https:\/\/diarioregionaldigital.com.br\/index.php?rest_route=\/wp\/v2\/users\/246"}],"replies":[{"embeddable":true,"href":"https:\/\/diarioregionaldigital.com.br\/index.php?rest_route=%2Fwp%2Fv2%2Fcomments&post=199197"}],"version-history":[{"count":1,"href":"https:\/\/diarioregionaldigital.com.br\/index.php?rest_route=\/wp\/v2\/posts\/199197\/revisions"}],"predecessor-version":[{"id":199199,"href":"https:\/\/diarioregionaldigital.com.br\/index.php?rest_route=\/wp\/v2\/posts\/199197\/revisions\/199199"}],"wp:featuredmedia":[{"embeddable":true,"href":"https:\/\/diarioregionaldigital.com.br\/index.php?rest_route=\/wp\/v2\/media\/199198"}],"wp:attachment":[{"href":"https:\/\/diarioregionaldigital.com.br\/index.php?rest_route=%2Fwp%2Fv2%2Fmedia&parent=199197"}],"wp:term":[{"taxonomy":"category","embeddable":true,"href":"https:\/\/diarioregionaldigital.com.br\/index.php?rest_route=%2Fwp%2Fv2%2Fcategories&post=199197"},{"taxonomy":"post_tag","embeddable":true,"href":"https:\/\/diarioregionaldigital.com.br\/index.php?rest_route=%2Fwp%2Fv2%2Ftags&post=199197"}],"curies":[{"name":"wp","href":"https:\/\/api.w.org\/{rel}","templated":true}]}}