{"id":199193,"date":"2022-05-19T17:20:20","date_gmt":"2022-05-19T20:20:20","guid":{"rendered":"https:\/\/diarioregionaldigital.com.br\/?p=199193"},"modified":"2022-05-19T17:20:20","modified_gmt":"2022-05-19T20:20:20","slug":"museu-mariano-procopio-retoma-rotina-de-visitas-tecnicas","status":"publish","type":"post","link":"https:\/\/diarioregionaldigital.com.br\/?p=199193","title":{"rendered":"Museu Mariano Proc\u00f3pio retoma rotina de visitas t\u00e9cnicas"},"content":{"rendered":"<p>Segundo informa\u00e7\u00f5es do site da Prefeitura de Juiz de Fora (PJF), o Museu Mariano Proc\u00f3pio retomou nesta quinta-feira, 19, a rotina de visitas t\u00e9cnicas, que estavam suspensas desde o in\u00edcio de 2020, por conta da pandemia de Covid-19. A volta da atividade aconteceu no contexto da 20\u00aa Semana Nacional de Museus (16 a 22 de maio), com 19 alunos do curso de Hist\u00f3ria da Universidade Federal de Juiz de Fora (UFJF), matriculados na disciplina Patrim\u00f4nio Hist\u00f3rico II, lecionada pela professora Maraliz Christo. Os estudantes visitaram o parque, onde conheceram a mostra \u201cImagem-A\u00e7\u00e3o- A pot\u00eancia (re) criativa dos museus\u201d, os pr\u00e9dios hist\u00f3ricos e a reserva t\u00e9cnica do equipamento cultural, mantido pela Prefeitura de Juiz de Fora (PJF).<\/p>\n<p>Na visita, coordenada pela equipe da Funda\u00e7\u00e3o Museu Mariano Proc\u00f3pio (Mapro), os estudantes tiveram a oportunidade de conhecer as diferentes categorias de acervo existentes no espa\u00e7o, bem como os trabalhos realizados pelos servidores, nos campos da conserva\u00e7\u00e3o, pesquisa e difus\u00e3o. A atividade permitiu que o grupo entendesse melhor o papel de uma historiadora ou de um historiador dentro de uma institui\u00e7\u00e3o museol\u00f3gica e a compreender os bastidores do trabalho desenvolvido.<\/p>\n<p>\u201cEssa interlocu\u00e7\u00e3o com a universidade \u00e9 importante para estimular a forma\u00e7\u00e3o de futuros pesquisadores, que poder\u00e3o ter o acervo do Mariano Proc\u00f3pio como objeto de pesquisa. N\u00f3s da equipe t\u00e9cnica da Mapro desejamos, cada vez mais, abrir o acervo para a comunidade de pesquisadores em todas as \u00e1reas\u201d, afirma o historiador S\u00e9rgio Vicente. Ele destaca que, no caso de cursos de licenciatura, as visitas ajudam tamb\u00e9m na forma\u00e7\u00e3o de professores, sensibilizando-os sobre a qualidade e import\u00e2ncia do museu. \u201cEsses futuros docentes poder\u00e3o utilizar o acervo e a pr\u00f3pria institui\u00e7\u00e3o como ferramenta pedag\u00f3gica, direcionando seus alunos para a pesquisa e a educa\u00e7\u00e3o patrimonial, como tamb\u00e9m formando p\u00fablico visitante para a institui\u00e7\u00e3o.\u201d<\/p>\n<p>Durante o passeio, os visitantes da UFJF foram convidados a colaborar com a webs\u00e9rie \u201cMinha Pesquisa no Museu&#8221;, divulgando os trabalhos que a professora Maraliz os estimula a desenvolver sobre algum objeto do acervo. No final, cada estudante ganhou um exemplar de um cat\u00e1logo publicado pela Mapro.<\/p>\n<p>O agendamento de visitas t\u00e9cnicas no Museu Mariano Proc\u00f3pio pode ser solicitado pelo e-mail mapro.dep.acervo@pjf.mg.gov.br.<\/p>\n","protected":false},"excerpt":{"rendered":"<p>Segundo informa\u00e7\u00f5es do site da Prefeitura de Juiz de Fora (PJF), o Museu Mariano Proc\u00f3pio retomou nesta quinta-feira, 19, a rotina de visitas t\u00e9cnicas, que estavam suspensas desde o in\u00edcio de 2020, por conta da pandemia de Covid-19. A volta da atividade aconteceu no contexto da 20\u00aa Semana Nacional de Museus (16 a 22 de [&hellip;]<\/p>\n","protected":false},"author":246,"featured_media":199194,"comment_status":"closed","ping_status":"closed","sticky":false,"template":"","format":"standard","meta":{"footnotes":""},"categories":[253,436,439],"tags":[],"class_list":["post-199193","post","type-post","status-publish","format-standard","has-post-thumbnail","hentry","category-cidade","category-destaque-da-semana","category-ultima-hora"],"_links":{"self":[{"href":"https:\/\/diarioregionaldigital.com.br\/index.php?rest_route=\/wp\/v2\/posts\/199193","targetHints":{"allow":["GET"]}}],"collection":[{"href":"https:\/\/diarioregionaldigital.com.br\/index.php?rest_route=\/wp\/v2\/posts"}],"about":[{"href":"https:\/\/diarioregionaldigital.com.br\/index.php?rest_route=\/wp\/v2\/types\/post"}],"author":[{"embeddable":true,"href":"https:\/\/diarioregionaldigital.com.br\/index.php?rest_route=\/wp\/v2\/users\/246"}],"replies":[{"embeddable":true,"href":"https:\/\/diarioregionaldigital.com.br\/index.php?rest_route=%2Fwp%2Fv2%2Fcomments&post=199193"}],"version-history":[{"count":2,"href":"https:\/\/diarioregionaldigital.com.br\/index.php?rest_route=\/wp\/v2\/posts\/199193\/revisions"}],"predecessor-version":[{"id":199196,"href":"https:\/\/diarioregionaldigital.com.br\/index.php?rest_route=\/wp\/v2\/posts\/199193\/revisions\/199196"}],"wp:featuredmedia":[{"embeddable":true,"href":"https:\/\/diarioregionaldigital.com.br\/index.php?rest_route=\/wp\/v2\/media\/199194"}],"wp:attachment":[{"href":"https:\/\/diarioregionaldigital.com.br\/index.php?rest_route=%2Fwp%2Fv2%2Fmedia&parent=199193"}],"wp:term":[{"taxonomy":"category","embeddable":true,"href":"https:\/\/diarioregionaldigital.com.br\/index.php?rest_route=%2Fwp%2Fv2%2Fcategories&post=199193"},{"taxonomy":"post_tag","embeddable":true,"href":"https:\/\/diarioregionaldigital.com.br\/index.php?rest_route=%2Fwp%2Fv2%2Ftags&post=199193"}],"curies":[{"name":"wp","href":"https:\/\/api.w.org\/{rel}","templated":true}]}}