{"id":199189,"date":"2022-05-19T17:18:40","date_gmt":"2022-05-19T20:18:40","guid":{"rendered":"https:\/\/diarioregionaldigital.com.br\/?p=199189"},"modified":"2022-05-19T17:18:40","modified_gmt":"2022-05-19T20:18:40","slug":"progresso-e-outros-18-bairros-sao-atendidos-pela-zeladoria-do-programa-boniteza-nesta-semana","status":"publish","type":"post","link":"https:\/\/diarioregionaldigital.com.br\/?p=199189","title":{"rendered":"Progresso e outros 18 bairros s\u00e3o atendidos pela zeladoria do Programa Boniteza nesta semana"},"content":{"rendered":"<p>Segundo informa\u00e7\u00f5es do site da Prefeitura de Juiz de Fora (PJF), o\u00a0Programa Boniteza segue trabalhando para deixar Juiz de Fora mais bem cuidada. Nesta semana, as equipes da Empresa Municipal de Pavimenta\u00e7\u00e3o e Urbanidades (Empav) estiveram em v\u00e1rios bairros da cidade com servi\u00e7os de poda de grama, limpeza e poda de \u00e1rvore.<\/p>\n<p>No bairro Progresso, a Pra\u00e7a de Esportes Jos\u00e9 Petrato recebeu a zeladoria para melhorar ainda mais a \u00e1rea de lazer e divers\u00e3o da popula\u00e7\u00e3o. O campo de futebol do bairro Borboleta tamb\u00e9m recebeu servi\u00e7os de poda de grama e limpeza.<\/p>\n<p>Na Avenida Deusdedith Salgado e na Avenida JK, os trabalhos seguem nos canteiros. J\u00e1 na Avenida Presidente Itamar Franco, os servi\u00e7os est\u00e3o concentrados nos canteiros centrais e na revitaliza\u00e7\u00e3o dos vasos.<\/p>\n<p>Veja abaixo a lista de bairros atendidos nesta semana:<\/p>\n<p>Ara\u00fajo<\/p>\n<p>Borboleta<\/p>\n<p>Nova Benfica<\/p>\n<p>Progresso<\/p>\n<p>Santa Paula<\/p>\n<p>Parque Guarani<\/p>\n<p>Grama<\/p>\n<p>Bandeirantes<\/p>\n<p>Cascatinha<\/p>\n<p>S\u00e3o Pedro<\/p>\n<p>Mariano Proc\u00f3pio<\/p>\n<p>Salvaterra<\/p>\n<p>Francisco Bernardino<\/p>\n<p>Aeroporto<\/p>\n<p>Teixeiras<\/p>\n<p>Barreira do Triunfo<\/p>\n<p>Quintas Avenidas<\/p>\n<p>Barbosa Lage<\/p>\n<p>A programa\u00e7\u00e3o di\u00e1ria de todas as atividades realizadas pela Empav pode ser acompanhada atrav\u00e9s da p\u00e1gina do Gabinete de A\u00e7\u00e3o e Di\u00e1logo Comunit\u00e1rio, pelo link.<\/p>\n<p>Todas as a\u00e7\u00f5es de reestrutura\u00e7\u00e3o, urbaniza\u00e7\u00e3o e zeladoria realizadas pela Empav fazem parte do Programa Boniteza. Voc\u00ea pode solicitar estes e outros servi\u00e7os atrav\u00e9s do Gabinete de A\u00e7\u00e3o e Di\u00e1logo Comunit\u00e1rio, que recebe e organiza pedidos relativos a interven\u00e7\u00f5es e melhorias urbanas. O contato pode ser feito por liga\u00e7\u00e3o telef\u00f4nica, pelo n\u00famero (32) 3690-7241 ou, ainda, via WhatsApp, utilizando o mesmo n\u00famero.<\/p>\n","protected":false},"excerpt":{"rendered":"<p>Segundo informa\u00e7\u00f5es do site da Prefeitura de Juiz de Fora (PJF), o\u00a0Programa Boniteza segue trabalhando para deixar Juiz de Fora mais bem cuidada. Nesta semana, as equipes da Empresa Municipal de Pavimenta\u00e7\u00e3o e Urbanidades (Empav) estiveram em v\u00e1rios bairros da cidade com servi\u00e7os de poda de grama, limpeza e poda de \u00e1rvore. No bairro Progresso, [&hellip;]<\/p>\n","protected":false},"author":246,"featured_media":199190,"comment_status":"closed","ping_status":"closed","sticky":false,"template":"","format":"standard","meta":{"footnotes":""},"categories":[253,436,439],"tags":[],"class_list":["post-199189","post","type-post","status-publish","format-standard","has-post-thumbnail","hentry","category-cidade","category-destaque-da-semana","category-ultima-hora"],"_links":{"self":[{"href":"https:\/\/diarioregionaldigital.com.br\/index.php?rest_route=\/wp\/v2\/posts\/199189","targetHints":{"allow":["GET"]}}],"collection":[{"href":"https:\/\/diarioregionaldigital.com.br\/index.php?rest_route=\/wp\/v2\/posts"}],"about":[{"href":"https:\/\/diarioregionaldigital.com.br\/index.php?rest_route=\/wp\/v2\/types\/post"}],"author":[{"embeddable":true,"href":"https:\/\/diarioregionaldigital.com.br\/index.php?rest_route=\/wp\/v2\/users\/246"}],"replies":[{"embeddable":true,"href":"https:\/\/diarioregionaldigital.com.br\/index.php?rest_route=%2Fwp%2Fv2%2Fcomments&post=199189"}],"version-history":[{"count":2,"href":"https:\/\/diarioregionaldigital.com.br\/index.php?rest_route=\/wp\/v2\/posts\/199189\/revisions"}],"predecessor-version":[{"id":199192,"href":"https:\/\/diarioregionaldigital.com.br\/index.php?rest_route=\/wp\/v2\/posts\/199189\/revisions\/199192"}],"wp:featuredmedia":[{"embeddable":true,"href":"https:\/\/diarioregionaldigital.com.br\/index.php?rest_route=\/wp\/v2\/media\/199190"}],"wp:attachment":[{"href":"https:\/\/diarioregionaldigital.com.br\/index.php?rest_route=%2Fwp%2Fv2%2Fmedia&parent=199189"}],"wp:term":[{"taxonomy":"category","embeddable":true,"href":"https:\/\/diarioregionaldigital.com.br\/index.php?rest_route=%2Fwp%2Fv2%2Fcategories&post=199189"},{"taxonomy":"post_tag","embeddable":true,"href":"https:\/\/diarioregionaldigital.com.br\/index.php?rest_route=%2Fwp%2Fv2%2Ftags&post=199189"}],"curies":[{"name":"wp","href":"https:\/\/api.w.org\/{rel}","templated":true}]}}