{"id":199183,"date":"2022-05-19T17:09:48","date_gmt":"2022-05-19T20:09:48","guid":{"rendered":"https:\/\/diarioregionaldigital.com.br\/?p=199183"},"modified":"2022-05-19T17:09:48","modified_gmt":"2022-05-19T20:09:48","slug":"sul-americana-santos-arranca-vitoria-e-fica-perto-de-vaga-nas-oitavas","status":"publish","type":"post","link":"https:\/\/diarioregionaldigital.com.br\/?p=199183","title":{"rendered":"Sul-Americana: Santos arranca vit\u00f3ria e fica perto de vaga nas oitavas"},"content":{"rendered":"<p>Gra\u00e7as a um gol do meia Lucas Barbosa nos acr\u00e9scimos da partida, o Santos bateu o Uni\u00f3n La Calera (Chile) por 1 a 0, na noite desta quarta-feira (18) no est\u00e1dio da Vila Belmiro, e ficou muito perto da classifica\u00e7\u00e3o para as oitavas de final da Copa Sul-Americana.<img decoding=\"async\" src=\"https:\/\/agenciabrasil.ebc.com.br\/ebc.png?id=1460606&amp;o=node\" \/><img decoding=\"async\" src=\"https:\/\/agenciabrasil.ebc.com.br\/ebc.gif?id=1460606&amp;o=node\" \/><\/p>\n<p>Ap\u00f3s este triunfo o Peixe lidera o Grupo C com 10 pontos, dois de vantagem sobre os chilenos, \u00fanica equipe que ainda pode tirar a vaga da equipe brasileira (na Sul-Americana apenas um time se classifica por chave na primeira fase).<\/p>\n<p>Mesmo jogando em casa o Santos teve muitas dificuldades de garantir os tr\u00eas pontos. A equipe comandada pelo t\u00e9cnico argentino\u00a0Fabi\u00e1n Bustos chegou a acertar quatro bolas na trave, antes de Lucas Barbosa, j\u00e1 aos 56 minutos da etapa final, receber lan\u00e7amento de Sandry, matar no peito e bater de virada para fazer um belo gol.<\/p>\n<p>Agora o Peixe se concentra no Brasileiro, onde ter\u00e1 o Cear\u00e1 pela frente no s\u00e1bado (21). J\u00e1 a confirma\u00e7\u00e3o ou n\u00e3o da vaga no mata-mata da Sul-Americana ser\u00e1 definida na pr\u00f3xima ter\u00e7a-feira (24), quando o Santos recebe o Banfield (Argentina).<\/p>\n<p>Fonte: Ag\u00eancia Brasil<\/p>\n","protected":false},"excerpt":{"rendered":"<p>Gra\u00e7as a um gol do meia Lucas Barbosa nos acr\u00e9scimos da partida, o Santos bateu o Uni\u00f3n La Calera (Chile) por 1 a 0, na noite desta quarta-feira (18) no est\u00e1dio da Vila Belmiro, e ficou muito perto da classifica\u00e7\u00e3o para as oitavas de final da Copa Sul-Americana. Ap\u00f3s este triunfo o Peixe lidera o [&hellip;]<\/p>\n","protected":false},"author":246,"featured_media":199184,"comment_status":"closed","ping_status":"closed","sticky":false,"template":"","format":"standard","meta":{"footnotes":""},"categories":[436,257,439],"tags":[],"class_list":["post-199183","post","type-post","status-publish","format-standard","has-post-thumbnail","hentry","category-destaque-da-semana","category-esporte","category-ultima-hora"],"_links":{"self":[{"href":"https:\/\/diarioregionaldigital.com.br\/index.php?rest_route=\/wp\/v2\/posts\/199183","targetHints":{"allow":["GET"]}}],"collection":[{"href":"https:\/\/diarioregionaldigital.com.br\/index.php?rest_route=\/wp\/v2\/posts"}],"about":[{"href":"https:\/\/diarioregionaldigital.com.br\/index.php?rest_route=\/wp\/v2\/types\/post"}],"author":[{"embeddable":true,"href":"https:\/\/diarioregionaldigital.com.br\/index.php?rest_route=\/wp\/v2\/users\/246"}],"replies":[{"embeddable":true,"href":"https:\/\/diarioregionaldigital.com.br\/index.php?rest_route=%2Fwp%2Fv2%2Fcomments&post=199183"}],"version-history":[{"count":1,"href":"https:\/\/diarioregionaldigital.com.br\/index.php?rest_route=\/wp\/v2\/posts\/199183\/revisions"}],"predecessor-version":[{"id":199185,"href":"https:\/\/diarioregionaldigital.com.br\/index.php?rest_route=\/wp\/v2\/posts\/199183\/revisions\/199185"}],"wp:featuredmedia":[{"embeddable":true,"href":"https:\/\/diarioregionaldigital.com.br\/index.php?rest_route=\/wp\/v2\/media\/199184"}],"wp:attachment":[{"href":"https:\/\/diarioregionaldigital.com.br\/index.php?rest_route=%2Fwp%2Fv2%2Fmedia&parent=199183"}],"wp:term":[{"taxonomy":"category","embeddable":true,"href":"https:\/\/diarioregionaldigital.com.br\/index.php?rest_route=%2Fwp%2Fv2%2Fcategories&post=199183"},{"taxonomy":"post_tag","embeddable":true,"href":"https:\/\/diarioregionaldigital.com.br\/index.php?rest_route=%2Fwp%2Fv2%2Ftags&post=199183"}],"curies":[{"name":"wp","href":"https:\/\/api.w.org\/{rel}","templated":true}]}}