{"id":199180,"date":"2022-05-19T17:08:18","date_gmt":"2022-05-19T20:08:18","guid":{"rendered":"https:\/\/diarioregionaldigital.com.br\/?p=199180"},"modified":"2022-05-19T17:08:18","modified_gmt":"2022-05-19T20:08:18","slug":"santos-recebe-la-calera-pela-sul-americana-de-olho-na-ponta-do-grupo-c","status":"publish","type":"post","link":"https:\/\/diarioregionaldigital.com.br\/?p=199180","title":{"rendered":"Santos recebe La Calera pela Sul-Americana de olho na ponta do Grupo C"},"content":{"rendered":"<p>A\u00a0quinta-feira (18) ser\u00e1 decisiva para o Santos na Copa Sul-Americana. O Peixe recebe o Uni\u00f3n La Calera (Chile) \u00e0s 21h30 (hor\u00e1rio de Bras\u00edlia), na Vila Belmiro, no litoral paulista, pela\u00a0quinta\u00a0e pen\u00faltima rodada do Grupo C, com obriga\u00e7\u00e3o de n\u00e3o perder para seguir com chances de avan\u00e7ar \u00e0s oitavas de final. O duelo ser\u00e1 transmitido ao vivo pela\u00a0<a href=\"https:\/\/radios.ebc.com.br\/\"><strong>R\u00e1dio Nacional,<\/strong><\/a>\u00a0com narra\u00e7\u00e3o de\u00a0Andr\u00e9 Marques, coment\u00e1rios de Waldir Luiz e reportagem de\u00a0Bruno Mendes.<img decoding=\"async\" src=\"https:\/\/agenciabrasil.ebc.com.br\/ebc.png?id=1460432&amp;o=node\" \/><img decoding=\"async\" src=\"https:\/\/agenciabrasil.ebc.com.br\/ebc.gif?id=1460432&amp;o=node\" \/><\/p>\n<p>O Alvinegro Praiano soma sete pontos, um a menos que o La Calera. Como somente o l\u00edder da chave passa de fase na Sul-Americana, uma derrota elimina os paulistas mesmo com um jogo a fazer. O empate mant\u00e9m os santistas vivos, dependendo de um trope\u00e7o dos chilenos para o Universidad de Quito (Equador), na \u00faltima rodada, al\u00e9m da obriga\u00e7\u00e3o de vit\u00f3ria sobre o Banfield (Argentina). Se ganhar, a equipe comandada por Fabi\u00e1n Bustos vai para a \u00faltima rodada na ponta, com dois pontos de vantagem, dependendo s\u00f3 de si para avan\u00e7ar.<\/p>\n<p>O fator-casa pode ajudar o Santos a sair de campo em situa\u00e7\u00e3o favor\u00e1vel. O Peixe venceu os seis compromissos que teve na Vila Belmiro sob comando de Bustos, com boa m\u00e9dia de gols. O Peixe balan\u00e7ou as redes 18 vezes (m\u00e9dia de tr\u00eas por partida) e foi vazado apenas seis (um por jogo).<\/p>\n<p>Apesar do t\u00e9cnico utilizar a Sul-Americana para rodar o elenco, escalando for\u00e7a m\u00e1xima no Campeonato Brasileiro, o car\u00e1ter decisivo da partida contra o La Calera deve levar Bustos a mandar a campo o que tem de melhor, ou algo pr\u00f3ximo disso. O \u00fanico desfalque certo \u00e9 o atacante \u00c2ngelo (trabalho de reequil\u00edbrio muscular), que esteve presente no empate por 1 a 1 entre as equipes no \u00faltimo dia 28 de abril, no est\u00e1dio Sausalito, na chilena Vi\u00f1a del Mar.<\/p>\n<p>A forma\u00e7\u00e3o pode\u00a0ter\u00a0Jo\u00e3o Paulo; Auro (Madson), Kaiky (Maicon), Eduardo Bauermann e Felipe Jonatan (Lucas Pires); Camacho (Rodrigo Fern\u00e1ndez), Sandry (Vin\u00edcius Zanocello) e Ricardo Goulart; Rwan (L\u00e9o Baptist\u00e3o), Marcos Leonardo e Bryan Angulo (Jhojan Julio). Entre par\u00eanteses, est\u00e3o titulares que podem ser poupados e preservados para o Brasileir\u00e3o, onde o Peixe est\u00e1 em quinto lugar.<\/p>\n<p>Apesar do bom momento no torneio continental, podendo assegurar classifica\u00e7\u00e3o antecipada \u00e0s oitavas em caso de vit\u00f3ria, o La Calera vive fase dif\u00edcil no Campeonato Chileno, no 14\u00ba (e antepen\u00faltimo) lugar entre 16 clubes, ap\u00f3s 13 rodadas. O duelo contra o Santos ser\u00e1 o segundo do t\u00e9cnico Federico Vilar, argentino naturalizado mexicano, a frente da equipe.<\/p>\n<p>Os chilenos devem\u00a0ir a campo com Ignacio Arce; Pedro Henrique, Christian Vilches e Henry Sanhueza; Mat\u00edas Fernandez, Gonzalo Castellani, Williams Alarc\u00f3n, C\u00e9sar Perez e Esteban Valencia; Math\u00edas Vidangossy e Sebasti\u00e1n S\u00e1ez. Destaques aos zagueiros Vilches (38 anos, ex-Athletico-PR) e Pedro Henrique (brasileiro revelado pelo Internacional e que defendeu o Sport em 2021) e ao atacante S\u00e1ez, respons\u00e1vel por tr\u00eas dos cinco gols do La Calera na Sul-Americana at\u00e9 o momento.<\/p>\n<p>Fonte: Ag\u00eancia Brasil<\/p>\n","protected":false},"excerpt":{"rendered":"<p>A\u00a0quinta-feira (18) ser\u00e1 decisiva para o Santos na Copa Sul-Americana. O Peixe recebe o Uni\u00f3n La Calera (Chile) \u00e0s 21h30 (hor\u00e1rio de Bras\u00edlia), na Vila Belmiro, no litoral paulista, pela\u00a0quinta\u00a0e pen\u00faltima rodada do Grupo C, com obriga\u00e7\u00e3o de n\u00e3o perder para seguir com chances de avan\u00e7ar \u00e0s oitavas de final. O duelo ser\u00e1 transmitido ao [&hellip;]<\/p>\n","protected":false},"author":246,"featured_media":199181,"comment_status":"closed","ping_status":"closed","sticky":false,"template":"","format":"standard","meta":{"footnotes":""},"categories":[436,257,439],"tags":[],"class_list":["post-199180","post","type-post","status-publish","format-standard","has-post-thumbnail","hentry","category-destaque-da-semana","category-esporte","category-ultima-hora"],"_links":{"self":[{"href":"https:\/\/diarioregionaldigital.com.br\/index.php?rest_route=\/wp\/v2\/posts\/199180","targetHints":{"allow":["GET"]}}],"collection":[{"href":"https:\/\/diarioregionaldigital.com.br\/index.php?rest_route=\/wp\/v2\/posts"}],"about":[{"href":"https:\/\/diarioregionaldigital.com.br\/index.php?rest_route=\/wp\/v2\/types\/post"}],"author":[{"embeddable":true,"href":"https:\/\/diarioregionaldigital.com.br\/index.php?rest_route=\/wp\/v2\/users\/246"}],"replies":[{"embeddable":true,"href":"https:\/\/diarioregionaldigital.com.br\/index.php?rest_route=%2Fwp%2Fv2%2Fcomments&post=199180"}],"version-history":[{"count":1,"href":"https:\/\/diarioregionaldigital.com.br\/index.php?rest_route=\/wp\/v2\/posts\/199180\/revisions"}],"predecessor-version":[{"id":199182,"href":"https:\/\/diarioregionaldigital.com.br\/index.php?rest_route=\/wp\/v2\/posts\/199180\/revisions\/199182"}],"wp:featuredmedia":[{"embeddable":true,"href":"https:\/\/diarioregionaldigital.com.br\/index.php?rest_route=\/wp\/v2\/media\/199181"}],"wp:attachment":[{"href":"https:\/\/diarioregionaldigital.com.br\/index.php?rest_route=%2Fwp%2Fv2%2Fmedia&parent=199180"}],"wp:term":[{"taxonomy":"category","embeddable":true,"href":"https:\/\/diarioregionaldigital.com.br\/index.php?rest_route=%2Fwp%2Fv2%2Fcategories&post=199180"},{"taxonomy":"post_tag","embeddable":true,"href":"https:\/\/diarioregionaldigital.com.br\/index.php?rest_route=%2Fwp%2Fv2%2Ftags&post=199180"}],"curies":[{"name":"wp","href":"https:\/\/api.w.org\/{rel}","templated":true}]}}