{"id":199173,"date":"2022-05-19T17:04:04","date_gmt":"2022-05-19T20:04:04","guid":{"rendered":"https:\/\/diarioregionaldigital.com.br\/?p=199173"},"modified":"2022-05-19T17:04:04","modified_gmt":"2022-05-19T20:04:04","slug":"paulo-sousa-ganha-folego-apos-vitoria-do-flamengo-na-libertadores","status":"publish","type":"post","link":"https:\/\/diarioregionaldigital.com.br\/?p=199173","title":{"rendered":"Paulo Sousa ganha f\u00f4lego ap\u00f3s vit\u00f3ria do Flamengo na Libertadores"},"content":{"rendered":"<p>O Flamengo entrou em campo na noite de ter\u00e7a-feira (17) precisando dar uma resposta. Mal no Campeonato Brasileiro, a torcida rubro-negra compareceu em bom n\u00famero, mais de 43 mil pessoas foram ao Maracan\u00e3 para apoiar e tamb\u00e9m cobrar. O goleiro Hugo, por exemplo, ouviu vaias da arquibancada, que tamb\u00e9m protestou contra o presidente Rodolfo Landim e o vice-presidente Marcos Braz. Contudo, n\u00e3o havia uma pessoa no Maracan\u00e3 nesta ter\u00e7a-feira (18) mais pressionada que Paulo Sousa.<\/p>\n<p>Vivendo com a sombra de Jorge Jesus no imagin\u00e1rio de muitos torcedores, o portugu\u00eas conseguiu a classifica\u00e7\u00e3o antecipada para as oitavas de final da Libertadores da Am\u00e9rica, liderando o Grupo H, com 13 pontos. A vit\u00f3ria por 3 a 0 sobre a Universidad Cat\u00f3lica deu mais \u00e2nimo para o t\u00e9cnico..<\/p>\n<p>\u201cEu paguei para estar neste clube e eu vou ser feliz neste clube, n\u00e3o tenho d\u00favidas. Por qu\u00ea? Porque nossos jogadores assim demonstram. Estou muito bem. Sei que este \u00e9 um clube que exige muito todos os dias. Temos que estar preparados, e eu estou muito preparado para liderar esta qualidade dos jogadores e humana para podermos, juntos, termos vit\u00f3rias como estas\u201d, disparou o treinador durante coletiva ap\u00f3s o jogo.<\/p>\n<p>Paulo Sousa aproveitou a entrevista coletiva para deixar claro um pedido da diretoria rubro-negra.<\/p>\n<p>\u201cEu gostaria que voc\u00eas pr\u00f3prios pudessem perguntar ao Marcos (Braz) e ao Bruno (Spindel). Desde o in\u00edcio das nossas conversas a import\u00e2ncia que era renovar reconstruindo, mesmo com uma boa parte do plantel que tem mais de quatro anos destes que est\u00e3o desde 2019, onde outros clubes se refor\u00e7aram, onde h\u00e1 cada vez mais equil\u00edbrio, e temos que continuar ganhando porque a exig\u00eancia do Flamengo \u00e9 grande.<\/p>\n<p>O pr\u00f3ximo desafio \u00e9 pelo Campeonato Brasileiro. No pr\u00f3ximo s\u00e1bado (21), o Rubro-Negro volta ao Maracan\u00e3 para enfrentar o Goi\u00e1s, \u00e0s 16h30m (hor\u00e1rio de Bras\u00edlia), pela s\u00e9tima rodada. O Flamengo ocupa a 16\u00aa posi\u00e7\u00e3o, com seis pontos, mesmo n\u00famero que o Juventude, que abre a zona de rebaixamento.<\/p>\n<p>Fonte: Ag\u00eancia Brasil<\/p>\n","protected":false},"excerpt":{"rendered":"<p>O Flamengo entrou em campo na noite de ter\u00e7a-feira (17) precisando dar uma resposta. Mal no Campeonato Brasileiro, a torcida rubro-negra compareceu em bom n\u00famero, mais de 43 mil pessoas foram ao Maracan\u00e3 para apoiar e tamb\u00e9m cobrar. O goleiro Hugo, por exemplo, ouviu vaias da arquibancada, que tamb\u00e9m protestou contra o presidente Rodolfo Landim [&hellip;]<\/p>\n","protected":false},"author":246,"featured_media":199174,"comment_status":"closed","ping_status":"closed","sticky":false,"template":"","format":"standard","meta":{"footnotes":""},"categories":[436,440,257,439],"tags":[],"class_list":["post-199173","post","type-post","status-publish","format-standard","has-post-thumbnail","hentry","category-destaque-da-semana","category-destaques-do-dia","category-esporte","category-ultima-hora"],"_links":{"self":[{"href":"https:\/\/diarioregionaldigital.com.br\/index.php?rest_route=\/wp\/v2\/posts\/199173","targetHints":{"allow":["GET"]}}],"collection":[{"href":"https:\/\/diarioregionaldigital.com.br\/index.php?rest_route=\/wp\/v2\/posts"}],"about":[{"href":"https:\/\/diarioregionaldigital.com.br\/index.php?rest_route=\/wp\/v2\/types\/post"}],"author":[{"embeddable":true,"href":"https:\/\/diarioregionaldigital.com.br\/index.php?rest_route=\/wp\/v2\/users\/246"}],"replies":[{"embeddable":true,"href":"https:\/\/diarioregionaldigital.com.br\/index.php?rest_route=%2Fwp%2Fv2%2Fcomments&post=199173"}],"version-history":[{"count":1,"href":"https:\/\/diarioregionaldigital.com.br\/index.php?rest_route=\/wp\/v2\/posts\/199173\/revisions"}],"predecessor-version":[{"id":199175,"href":"https:\/\/diarioregionaldigital.com.br\/index.php?rest_route=\/wp\/v2\/posts\/199173\/revisions\/199175"}],"wp:featuredmedia":[{"embeddable":true,"href":"https:\/\/diarioregionaldigital.com.br\/index.php?rest_route=\/wp\/v2\/media\/199174"}],"wp:attachment":[{"href":"https:\/\/diarioregionaldigital.com.br\/index.php?rest_route=%2Fwp%2Fv2%2Fmedia&parent=199173"}],"wp:term":[{"taxonomy":"category","embeddable":true,"href":"https:\/\/diarioregionaldigital.com.br\/index.php?rest_route=%2Fwp%2Fv2%2Fcategories&post=199173"},{"taxonomy":"post_tag","embeddable":true,"href":"https:\/\/diarioregionaldigital.com.br\/index.php?rest_route=%2Fwp%2Fv2%2Ftags&post=199173"}],"curies":[{"name":"wp","href":"https:\/\/api.w.org\/{rel}","templated":true}]}}