{"id":199166,"date":"2022-05-19T16:53:13","date_gmt":"2022-05-19T19:53:13","guid":{"rendered":"https:\/\/diarioregionaldigital.com.br\/?p=199166"},"modified":"2022-05-19T16:53:13","modified_gmt":"2022-05-19T19:53:13","slug":"epamig-lanca-venda-de-material-genetico-de-bovinos-gir-leiteiro","status":"publish","type":"post","link":"https:\/\/diarioregionaldigital.com.br\/?p=199166","title":{"rendered":"Epamig lan\u00e7a venda de material gen\u00e9tico de bovinos Gir Leiteiro"},"content":{"rendered":"<p>A\u00a0<a href=\"http:\/\/www.epamig.br\/\" target=\"_blank\" rel=\"noopener\" data-auth=\"NotApplicable\">Empresa de Pesquisa Agropecu\u00e1ria de Minas Gerais (Epamig)<\/a>\u00a0vai come\u00e7ar a vender materiais gen\u00e9ticos de bovinos da ra\u00e7a Gir Leiteiro. Os produtos comercializados ser\u00e3o o\u00f3citos para produ\u00e7\u00e3o de embri\u00f5es. Para isso, a empresa desenvolveu o \u201cCat\u00e1logo de Doadoras Gir Leiteiro Epamig\u201d, publica\u00e7\u00e3o digital que re\u00fane as principais vacas doadoras de o\u00f3citos de alta qualidade gen\u00e9tica.<\/p>\n<p>A primeira vers\u00e3o do cat\u00e1logo, j\u00e1 dispon\u00edvel, possui 13 vacas doadoras, mas o material ser\u00e1 atualizado nos pr\u00f3ximos meses e tende a chegar a at\u00e9 40 animais. O cat\u00e1logo conta com imagens, v\u00eddeos e informa\u00e7\u00f5es sobre lacta\u00e7\u00e3o, genealogia e data de nascimento das vacas.<\/p>\n<p>O respons\u00e1vel t\u00e9cnico pelo rebanho em Uberaba, Hebert Filho, explica que o\u00f3cito \u00e9 o nome da c\u00e9lula que se divide e d\u00e1 origem ao \u00f3vulo. De acordo com ele, a ideia de comercializar o material atende a pedidos de pecuaristas da regi\u00e3o.<\/p>\n<p>\u201cA ideia surgiu do pr\u00f3prio mercado. Estamos oferecendo aos produtores, a partir das matrizes da Epamig, a possibilidade de adquirir o\u00f3citos de qualidade para acasalamentos de acordo com as necessidades de cada um\u201d, afirma Hebert Filho.<\/p>\n<p>O cat\u00e1logo est\u00e1 dispon\u00edvel no site da Epamig. Para acessar,\u00a0<a href=\"http:\/\/www.epamig.br\/wp-content\/uploads\/2022\/05\/catalogo_oocitos_2022.pdf\" target=\"_blank\" rel=\"noopener\" data-auth=\"NotApplicable\">clique aqui<\/a>.<\/p>\n<p><b>Cooprata Tri\u00e2ngulo Leite<\/b><\/p>\n<p>O Cat\u00e1logo de Doadoras Gir Leiteiro Epamig ser\u00e1 oficialmente lan\u00e7ado na Cooprata Tri\u00e2ngulo Leite 2022. O evento, realizado no parque de exposi\u00e7\u00f5es do mun\u00edcipio de Prata (MG), vai ocorrer entre os dias 18 e 21\/5. Confira a programa\u00e7\u00e3o\u00a0<a href=\"https:\/\/cooprata.com\/br\/\" target=\"_blank\" rel=\"noopener\" data-auth=\"NotApplicable\">aqui<\/a>.<\/p>\n<p>Depois de dois anos em formato virtual, a feira retorna \u00e0s atividades presenciais. Hebert Filho conta que os produtores que participar\u00e3o do evento j\u00e1 est\u00e3o ansiosos pelo cat\u00e1logo de vacas doadoras da Epamig.<\/p>\n<p>\u201cAs expectativas s\u00e3o as melhores poss\u00edveis, pois na feira ser\u00e1 poss\u00edvel interagir com um grande n\u00fameros de produtores, alguns deles j\u00e1 no aguardo das doadoras, pois o trabalho da Epamig com o Gir Leiteiro \u00e9 reconhecido em Minas Gerais e em todo o Brasil\u201d, conclui.<\/p>\n<p><b>Tradi\u00e7\u00e3o em gen\u00e9tica<\/b><\/p>\n<p>A Epamig tem 65 anos de tradi\u00e7\u00e3o em gen\u00e9tica Gir Leiteiro. As pesquisas, desenvolvidas no Tri\u00e2ngulo Mineiro, est\u00e3o voltadas para as \u00e1reas reprodutivas, de produ\u00e7\u00e3o e qualidade de leite, manejo de ordenha, nutri\u00e7\u00e3o e sanidade, sempre com foco na diminui\u00e7\u00e3o dos custos de produ\u00e7\u00e3o.<\/p>\n<p>Mais informa\u00e7\u00f5es sobre a venda de material gen\u00e9tico bovino pelos n\u00fameros (34) 99976-7882, (16) 98245-5711 e (34) 99969-6442. A Epamig \u00e9 uma empresa vinculada \u00e0\u00a0<a href=\"http:\/\/www.agricultura.mg.gov.br\/\" target=\"_blank\" rel=\"noopener\" data-auth=\"NotApplicable\">Secretaria de Agricultura, Pecu\u00e1ria e Abastecimento de Minas Gerais (Seapa)<\/a>.<\/p>\n<p>Fonte: Ag\u00eancia Minas<\/p>\n","protected":false},"excerpt":{"rendered":"<p>A\u00a0Empresa de Pesquisa Agropecu\u00e1ria de Minas Gerais (Epamig)\u00a0vai come\u00e7ar a vender materiais gen\u00e9ticos de bovinos da ra\u00e7a Gir Leiteiro. Os produtos comercializados ser\u00e3o o\u00f3citos para produ\u00e7\u00e3o de embri\u00f5es. Para isso, a empresa desenvolveu o \u201cCat\u00e1logo de Doadoras Gir Leiteiro Epamig\u201d, publica\u00e7\u00e3o digital que re\u00fane as principais vacas doadoras de o\u00f3citos de alta qualidade gen\u00e9tica. A [&hellip;]<\/p>\n","protected":false},"author":246,"featured_media":199167,"comment_status":"closed","ping_status":"closed","sticky":false,"template":"","format":"standard","meta":{"footnotes":""},"categories":[436,254,439],"tags":[],"class_list":["post-199166","post","type-post","status-publish","format-standard","has-post-thumbnail","hentry","category-destaque-da-semana","category-politica","category-ultima-hora"],"_links":{"self":[{"href":"https:\/\/diarioregionaldigital.com.br\/index.php?rest_route=\/wp\/v2\/posts\/199166","targetHints":{"allow":["GET"]}}],"collection":[{"href":"https:\/\/diarioregionaldigital.com.br\/index.php?rest_route=\/wp\/v2\/posts"}],"about":[{"href":"https:\/\/diarioregionaldigital.com.br\/index.php?rest_route=\/wp\/v2\/types\/post"}],"author":[{"embeddable":true,"href":"https:\/\/diarioregionaldigital.com.br\/index.php?rest_route=\/wp\/v2\/users\/246"}],"replies":[{"embeddable":true,"href":"https:\/\/diarioregionaldigital.com.br\/index.php?rest_route=%2Fwp%2Fv2%2Fcomments&post=199166"}],"version-history":[{"count":1,"href":"https:\/\/diarioregionaldigital.com.br\/index.php?rest_route=\/wp\/v2\/posts\/199166\/revisions"}],"predecessor-version":[{"id":199168,"href":"https:\/\/diarioregionaldigital.com.br\/index.php?rest_route=\/wp\/v2\/posts\/199166\/revisions\/199168"}],"wp:featuredmedia":[{"embeddable":true,"href":"https:\/\/diarioregionaldigital.com.br\/index.php?rest_route=\/wp\/v2\/media\/199167"}],"wp:attachment":[{"href":"https:\/\/diarioregionaldigital.com.br\/index.php?rest_route=%2Fwp%2Fv2%2Fmedia&parent=199166"}],"wp:term":[{"taxonomy":"category","embeddable":true,"href":"https:\/\/diarioregionaldigital.com.br\/index.php?rest_route=%2Fwp%2Fv2%2Fcategories&post=199166"},{"taxonomy":"post_tag","embeddable":true,"href":"https:\/\/diarioregionaldigital.com.br\/index.php?rest_route=%2Fwp%2Fv2%2Ftags&post=199166"}],"curies":[{"name":"wp","href":"https:\/\/api.w.org\/{rel}","templated":true}]}}