{"id":199162,"date":"2022-05-19T16:51:49","date_gmt":"2022-05-19T19:51:49","guid":{"rendered":"https:\/\/diarioregionaldigital.com.br\/?p=199162"},"modified":"2022-05-19T16:51:49","modified_gmt":"2022-05-19T19:51:49","slug":"superintendentes-regionais-de-ensino-de-todo-o-estado-estao-em-belo-horizonte-para-1-encontro-gerencial-de-2022","status":"publish","type":"post","link":"https:\/\/diarioregionaldigital.com.br\/?p=199162","title":{"rendered":"Superintendentes regionais de ensino de todo o estado est\u00e3o em Belo Horizonte para 1\u00b0 Encontro Gerencial de 2022"},"content":{"rendered":"<p>Os 47 superintendentes regionais de ensino de Minas Gerais est\u00e3o em Belo Horizonte para o 1\u00ba Encontro Gerencial de 2022 das SREs na Secretaria de Estado de Educa\u00e7\u00e3o (SEE\/MG). Ser\u00e3o tr\u00eas dias de palestras, alinhamento e debates na Cidade Administrativa, com a participa\u00e7\u00e3o das diversas \u00e1reas que comp\u00f5em a pasta. Na quarta-feira (18\/5), abertura do encontro, o governador Romeu Zema recebeu os servidores no Pr\u00e9dio Tiradentes para um caf\u00e9 da manh\u00e3 para dar boas-vindas, ao lado da secret\u00e1ria de Educa\u00e7\u00e3o, Julia Sant\u2019Anna. As reuni\u00f5es ocorrer\u00e3o at\u00e9 esta sexta-feira (20\/5).<\/p>\n<p>Em sua fala, Zema refor\u00e7ou a necessidade dos superintendentes irem \u201cao ch\u00e3o de f\u00e1brica\u201d ou \u201ccampo de batalha\u201d, fazendo uma analogia \u00e0s visitas \u00e0s escolas. \u201cDesde o in\u00edcio da minha gest\u00e3o, eu cobrei essa proximidade. Todos aqui est\u00e3o em um cargo de gest\u00e3o e eu queria dizer, exatamente, sobre a necessidade de termos uma administra\u00e7\u00e3o que vai muito al\u00e9m do formalismo. Ele \u00e9 essencial, ter tudo documentado, especificado, e funciona como um motor ao gerenciamento, mas sozinho n\u00e3o \u00e9 suficiente. O contato humano \u00e9 o lubrificante. Na hora que se coloca o fator humano, o olho no olho, a coisa muda de figura\u201d, pontua o governador.<\/p>\n<p>Ao final do bate-papo no caf\u00e9 da manh\u00e3, os superintendentes foram para o pr\u00e9dio Gerais para o in\u00edcio das atividades gerenciais. Al\u00e9m da secret\u00e1ria Julia Sant\u2019Anna, participaram da primeira reuni\u00e3o a secret\u00e1ria adjunta Geniana Guimar\u00e3es Faria, e o chefe de gabinete, Gustavo Oliveira Braga. O subsecret\u00e1rio de Articula\u00e7\u00e3o Educacional, Igor de Alvarenga Oliveira Rojas, abordou o fortalecimento da rede e a import\u00e2ncia da articula\u00e7\u00e3o no processo de gest\u00e3o, al\u00e9m de realizar outros alinhamentos com a equipe.<\/p>\n<p>Foi dada a oportunidade aos superintendentes compartilharem suas experi\u00eancias. O subsecret\u00e1rio de Articula\u00e7\u00e3o Educacional foi muito elogiado pela proximidade e presteza com a qual conduz as demandas e lidera a equipe.<\/p>\n<p>Superintendente de Governador Valadares, Sandra M\u00e1rcia fez quest\u00e3o de ressaltar a import\u00e2ncia de uma gest\u00e3o alinhada. \u201cEste \u00e9 o nosso papel de l\u00edder, ensinar o caminho, mostrar onde devemos andar. Eu me sinto muito feliz e tranquila em tomar uma decis\u00e3o mais segura ou dura porque sei que tenho o respaldo dos meus chefes. Eu represento o Governo de Minas, a Secretaria de Educa\u00e7\u00e3o, eu represento um grupo no qual tenho que ter responsabilidade com a minha fala, a\u00e7\u00f5es e tudo o que eu fizer\u201d, pontuou.<br \/>\n<strong><br \/>\nPrograma\u00e7\u00e3o\u00a0<\/strong><\/p>\n<p>Neste primeiro dia, o encontro contou, ainda, com a participa\u00e7\u00e3o da subsecret\u00e1ria de Desenvolvimento da Educa\u00e7\u00e3o B\u00e1sica, Izabella Cavalcante Martins, e da subsecret\u00e1ria de Gest\u00e3o de Recursos Humanos, Gl\u00e1ucia Cristina Pereira dos Santos Ribeiro. O evento segue nos dias 19 e 20\/5, com palestras sobre diversos temas, como \u201cValores e Pr\u00e1ticas do Governo de Minas\u201d; \u201cPlano de Atendimento e Censo Escolar\u201d; \u201cFluxo entre SRE e SE e Panorama de Campanhas\u201d; \u201cProcessos operacionais referentes \u00e0 inspe\u00e7\u00e3o escolar\u201d e \u201cExecu\u00e7\u00e3o or\u00e7ament\u00e1ria e financeira\u201d.<\/p>\n<p>Fonte: Ag\u00eancia Minas<\/p>\n","protected":false},"excerpt":{"rendered":"<p>Os 47 superintendentes regionais de ensino de Minas Gerais est\u00e3o em Belo Horizonte para o 1\u00ba Encontro Gerencial de 2022 das SREs na Secretaria de Estado de Educa\u00e7\u00e3o (SEE\/MG). Ser\u00e3o tr\u00eas dias de palestras, alinhamento e debates na Cidade Administrativa, com a participa\u00e7\u00e3o das diversas \u00e1reas que comp\u00f5em a pasta. Na quarta-feira (18\/5), abertura do [&hellip;]<\/p>\n","protected":false},"author":246,"featured_media":199163,"comment_status":"closed","ping_status":"closed","sticky":false,"template":"","format":"standard","meta":{"footnotes":""},"categories":[436,254,439],"tags":[],"class_list":["post-199162","post","type-post","status-publish","format-standard","has-post-thumbnail","hentry","category-destaque-da-semana","category-politica","category-ultima-hora"],"_links":{"self":[{"href":"https:\/\/diarioregionaldigital.com.br\/index.php?rest_route=\/wp\/v2\/posts\/199162","targetHints":{"allow":["GET"]}}],"collection":[{"href":"https:\/\/diarioregionaldigital.com.br\/index.php?rest_route=\/wp\/v2\/posts"}],"about":[{"href":"https:\/\/diarioregionaldigital.com.br\/index.php?rest_route=\/wp\/v2\/types\/post"}],"author":[{"embeddable":true,"href":"https:\/\/diarioregionaldigital.com.br\/index.php?rest_route=\/wp\/v2\/users\/246"}],"replies":[{"embeddable":true,"href":"https:\/\/diarioregionaldigital.com.br\/index.php?rest_route=%2Fwp%2Fv2%2Fcomments&post=199162"}],"version-history":[{"count":2,"href":"https:\/\/diarioregionaldigital.com.br\/index.php?rest_route=\/wp\/v2\/posts\/199162\/revisions"}],"predecessor-version":[{"id":199165,"href":"https:\/\/diarioregionaldigital.com.br\/index.php?rest_route=\/wp\/v2\/posts\/199162\/revisions\/199165"}],"wp:featuredmedia":[{"embeddable":true,"href":"https:\/\/diarioregionaldigital.com.br\/index.php?rest_route=\/wp\/v2\/media\/199163"}],"wp:attachment":[{"href":"https:\/\/diarioregionaldigital.com.br\/index.php?rest_route=%2Fwp%2Fv2%2Fmedia&parent=199162"}],"wp:term":[{"taxonomy":"category","embeddable":true,"href":"https:\/\/diarioregionaldigital.com.br\/index.php?rest_route=%2Fwp%2Fv2%2Fcategories&post=199162"},{"taxonomy":"post_tag","embeddable":true,"href":"https:\/\/diarioregionaldigital.com.br\/index.php?rest_route=%2Fwp%2Fv2%2Ftags&post=199162"}],"curies":[{"name":"wp","href":"https:\/\/api.w.org\/{rel}","templated":true}]}}