{"id":199156,"date":"2022-05-19T16:39:06","date_gmt":"2022-05-19T19:39:06","guid":{"rendered":"https:\/\/diarioregionaldigital.com.br\/?p=199156"},"modified":"2022-05-19T16:39:06","modified_gmt":"2022-05-19T19:39:06","slug":"economia-verde-e-responsavel-por-22-da-carteira-de-credito-dos-bancos","status":"publish","type":"post","link":"https:\/\/diarioregionaldigital.com.br\/?p=199156","title":{"rendered":"Economia verde \u00e9 respons\u00e1vel por 22% da carteira de cr\u00e9dito dos bancos"},"content":{"rendered":"<p>Os desafios e as oportunidades na implementa\u00e7\u00e3o da economia verde no Brasil nortearam os pain\u00e9is da tarde deste primeiro dia do Congresso Mercado Global de Carbono \u2013 Descarboniza\u00e7\u00e3o &amp; Investimentos Verdes.<img decoding=\"async\" src=\"https:\/\/agenciabrasil.ebc.com.br\/ebc.png?id=1460556&amp;o=node\" \/><img decoding=\"async\" src=\"https:\/\/agenciabrasil.ebc.com.br\/ebc.gif?id=1460556&amp;o=node\" \/><\/p>\n<p>No painel sobre o setor financeiro e o fomento a projetos e ativos ambientais, moderada pelo presidente do Banco Nacional de Desenvolvimento Social (BNDES), Gustavo Montezano, os participantes lembraram dos diferenciais do Brasil em rela\u00e7\u00e3o a outros pa\u00edses quando se fala em sustentabilidade.<\/p>\n<p>A presidente do banco UBS, Sylvia Coutinho, ressaltou que \u201ca energia brasileira \u00e9 a mais limpa do planeta\u201d e chamou a aten\u00e7\u00e3o para a \u201cprecifica\u00e7\u00e3o\u201d desse diferencial. Segundo ela, \u00e9 poss\u00edvel agregar essa energia ao produto brasileiro a um pre\u00e7o muito baixo. \u201cL\u00e1 fora a quest\u00e3o toda \u00e9 reflorestamento, aqui \u00e9 manuten\u00e7\u00e3o\u201d, disse o presidente do Banco do Brasil, Fausto Ribeiro.<\/p>\n<p>O presidente do Banco do Brasil lembrou que agricultores brasileiros s\u00e3o pe\u00e7as-chave na preserva\u00e7\u00e3o ambiental e que, por isso, precisam ter uma esp\u00e9cie de incentivo ou compensa\u00e7\u00e3o.<\/p>\n<p>Para isso, o banco criou a CPR-Preserva\u00e7\u00e3o, modalidade de cr\u00e9dito em que o produtor monetiza a \u00e1rea preservada em sua propriedade. Por exemplo: se ele precisa preservar 20% da propriedade, mas o faz em 30%, ele pode monetizar os 10% extras que est\u00e1 preservando.<\/p>\n<p>Tanto Ribeiro quanto o presidente do Bradesco, Octavio de Lazari, chamaram aten\u00e7\u00e3o para a necessidade de incentivar os investidores a participar desses projetos.<\/p>\n<p>Atualmente cerca de 22% da carteira de cr\u00e9dito dos bancos se destina a segmentos da economia verde, o que totaliza cerca de R$ 400 bilh\u00f5es.<\/p>\n<h2>Saneamento<\/h2>\n<p>No painel sobre saneamento, a diretora do Banco Interamericano de Desenvolvimento, Martha Seillier destacou o verdadeiro salto que o Brasil deu no que se refere a investimentos no setor gra\u00e7as ao Marco do Saneamento.<\/p>\n<p>Segundo ela \u2013 que j\u00e1 foi secret\u00e1ria especial do Programa de Parcerias de Investimento (PPI) do governo federal \u2013 houve uma resist\u00eancia inicial \u00e0s mudan\u00e7as, pois era um setor essencialmente p\u00fablico.\u00a0 Mas, com altera\u00e7\u00f5es da legisla\u00e7\u00e3o, o setor passou a receber investimentos que chegam a oito vezes o valor aplicado anteriormente. \u201cOs leil\u00f5es t\u00eam tido cada vez mais interessados&#8221;, destacou Seillier.<\/p>\n<h2>Congresso<\/h2>\n<p>O Congresso Mercado Global de Carbono \u2013 Descarboniza\u00e7\u00e3o &amp; Investimentos Verdes come\u00e7ou hoje e termina na sexta-feira (20).<\/p>\n<p>Ser\u00e3o 24 pain\u00e9is apresentados em quatro salas tem\u00e1ticas, al\u00e9m de sess\u00f5es plen\u00e1rias no in\u00edcio de cada um dos dias, totalizando mais de 100 palestrantes.<\/p>\n<p>Tamb\u00e9m ser\u00e3o apresentados 120 cases de sucesso de empreendedores verdes em quatro miniaudit\u00f3rios.<\/p>\n<p>Fonte: Ag\u00eancia Brasil<\/p>\n","protected":false},"excerpt":{"rendered":"<p>Os desafios e as oportunidades na implementa\u00e7\u00e3o da economia verde no Brasil nortearam os pain\u00e9is da tarde deste primeiro dia do Congresso Mercado Global de Carbono \u2013 Descarboniza\u00e7\u00e3o &amp; Investimentos Verdes. No painel sobre o setor financeiro e o fomento a projetos e ativos ambientais, moderada pelo presidente do Banco Nacional de Desenvolvimento Social (BNDES), [&hellip;]<\/p>\n","protected":false},"author":246,"featured_media":199157,"comment_status":"closed","ping_status":"closed","sticky":false,"template":"","format":"standard","meta":{"footnotes":""},"categories":[436,261,439],"tags":[],"class_list":["post-199156","post","type-post","status-publish","format-standard","has-post-thumbnail","hentry","category-destaque-da-semana","category-economia","category-ultima-hora"],"_links":{"self":[{"href":"https:\/\/diarioregionaldigital.com.br\/index.php?rest_route=\/wp\/v2\/posts\/199156","targetHints":{"allow":["GET"]}}],"collection":[{"href":"https:\/\/diarioregionaldigital.com.br\/index.php?rest_route=\/wp\/v2\/posts"}],"about":[{"href":"https:\/\/diarioregionaldigital.com.br\/index.php?rest_route=\/wp\/v2\/types\/post"}],"author":[{"embeddable":true,"href":"https:\/\/diarioregionaldigital.com.br\/index.php?rest_route=\/wp\/v2\/users\/246"}],"replies":[{"embeddable":true,"href":"https:\/\/diarioregionaldigital.com.br\/index.php?rest_route=%2Fwp%2Fv2%2Fcomments&post=199156"}],"version-history":[{"count":1,"href":"https:\/\/diarioregionaldigital.com.br\/index.php?rest_route=\/wp\/v2\/posts\/199156\/revisions"}],"predecessor-version":[{"id":199158,"href":"https:\/\/diarioregionaldigital.com.br\/index.php?rest_route=\/wp\/v2\/posts\/199156\/revisions\/199158"}],"wp:featuredmedia":[{"embeddable":true,"href":"https:\/\/diarioregionaldigital.com.br\/index.php?rest_route=\/wp\/v2\/media\/199157"}],"wp:attachment":[{"href":"https:\/\/diarioregionaldigital.com.br\/index.php?rest_route=%2Fwp%2Fv2%2Fmedia&parent=199156"}],"wp:term":[{"taxonomy":"category","embeddable":true,"href":"https:\/\/diarioregionaldigital.com.br\/index.php?rest_route=%2Fwp%2Fv2%2Fcategories&post=199156"},{"taxonomy":"post_tag","embeddable":true,"href":"https:\/\/diarioregionaldigital.com.br\/index.php?rest_route=%2Fwp%2Fv2%2Ftags&post=199156"}],"curies":[{"name":"wp","href":"https:\/\/api.w.org\/{rel}","templated":true}]}}