{"id":199149,"date":"2022-05-19T16:26:55","date_gmt":"2022-05-19T19:26:55","guid":{"rendered":"https:\/\/diarioregionaldigital.com.br\/?p=199149"},"modified":"2022-05-19T16:26:55","modified_gmt":"2022-05-19T19:26:55","slug":"indice-de-confianca-do-agronegocio-fecha-1o-trimestre-em-1115-pontos","status":"publish","type":"post","link":"https:\/\/diarioregionaldigital.com.br\/?p=199149","title":{"rendered":"\u00cdndice de Confian\u00e7a do Agroneg\u00f3cio fecha 1\u00ba trimestre em 111,5 pontos"},"content":{"rendered":"<p>O \u00cdndice de Confian\u00e7a do Agroneg\u00f3cio (ICAgro), da Federa\u00e7\u00e3o das Ind\u00fastrias do Estado de S\u00e3o Paulo (Fiesp), fechou o 1\u00ba trimestre de 2022 em 111,5 pontos, 1,9 ponto acima do levantamento do \u00faltimo trimestre de 2021. J\u00e1 em rela\u00e7\u00e3o ao mesmo per\u00edodo do ano passado, quando o \u00edndice ficou em 117,4, houve queda de 5,9 pontos.<img decoding=\"async\" src=\"https:\/\/agenciabrasil.ebc.com.br\/ebc.png?id=1460507&amp;o=node\" \/><img decoding=\"async\" src=\"https:\/\/agenciabrasil.ebc.com.br\/ebc.gif?id=1460507&amp;o=node\" \/><\/p>\n<p>Resultados acima de 100 pontos est\u00e3o na faixa considerada otimista pela metodologia do estudo, enquanto resultados inferiores a 100 denotam pessimismo.<\/p>\n<p>De acordo com a Fiesp, o resultado positivo em rela\u00e7\u00e3o ao final do ano passado foi puxado pelas ind\u00fastrias situadas Depois da Porteira, o \u00fanico segmento dentre os pesquisados em que a confian\u00e7a melhorou, j\u00e1 que os \u00edndices da ind\u00fastria Antes da Porteira e dos produtores agropecu\u00e1rios ca\u00edram em rela\u00e7\u00e3o ao trimestre anterior.<\/p>\n<p>\u201cO bom momento das exporta\u00e7\u00f5es do agroneg\u00f3cio \u00e9 uma das raz\u00f5es \u00e0s quais pode ser atribu\u00eddo o ganho de otimismo, j\u00e1 que muitas empresas que comp\u00f5e o grupo Depois da Porteira s\u00e3o exportadoras\u201d, explicou o diretor do Departamento de Agroneg\u00f3cio da Fiesp, Roberto Betancourt.<\/p>\n<p>Fonte: Ag\u00eancia Brasil<\/p>\n","protected":false},"excerpt":{"rendered":"<p>O \u00cdndice de Confian\u00e7a do Agroneg\u00f3cio (ICAgro), da Federa\u00e7\u00e3o das Ind\u00fastrias do Estado de S\u00e3o Paulo (Fiesp), fechou o 1\u00ba trimestre de 2022 em 111,5 pontos, 1,9 ponto acima do levantamento do \u00faltimo trimestre de 2021. J\u00e1 em rela\u00e7\u00e3o ao mesmo per\u00edodo do ano passado, quando o \u00edndice ficou em 117,4, houve queda de 5,9 [&hellip;]<\/p>\n","protected":false},"author":246,"featured_media":199150,"comment_status":"closed","ping_status":"closed","sticky":false,"template":"","format":"standard","meta":{"footnotes":""},"categories":[436,261,439],"tags":[],"class_list":["post-199149","post","type-post","status-publish","format-standard","has-post-thumbnail","hentry","category-destaque-da-semana","category-economia","category-ultima-hora"],"_links":{"self":[{"href":"https:\/\/diarioregionaldigital.com.br\/index.php?rest_route=\/wp\/v2\/posts\/199149","targetHints":{"allow":["GET"]}}],"collection":[{"href":"https:\/\/diarioregionaldigital.com.br\/index.php?rest_route=\/wp\/v2\/posts"}],"about":[{"href":"https:\/\/diarioregionaldigital.com.br\/index.php?rest_route=\/wp\/v2\/types\/post"}],"author":[{"embeddable":true,"href":"https:\/\/diarioregionaldigital.com.br\/index.php?rest_route=\/wp\/v2\/users\/246"}],"replies":[{"embeddable":true,"href":"https:\/\/diarioregionaldigital.com.br\/index.php?rest_route=%2Fwp%2Fv2%2Fcomments&post=199149"}],"version-history":[{"count":2,"href":"https:\/\/diarioregionaldigital.com.br\/index.php?rest_route=\/wp\/v2\/posts\/199149\/revisions"}],"predecessor-version":[{"id":199152,"href":"https:\/\/diarioregionaldigital.com.br\/index.php?rest_route=\/wp\/v2\/posts\/199149\/revisions\/199152"}],"wp:featuredmedia":[{"embeddable":true,"href":"https:\/\/diarioregionaldigital.com.br\/index.php?rest_route=\/wp\/v2\/media\/199150"}],"wp:attachment":[{"href":"https:\/\/diarioregionaldigital.com.br\/index.php?rest_route=%2Fwp%2Fv2%2Fmedia&parent=199149"}],"wp:term":[{"taxonomy":"category","embeddable":true,"href":"https:\/\/diarioregionaldigital.com.br\/index.php?rest_route=%2Fwp%2Fv2%2Fcategories&post=199149"},{"taxonomy":"post_tag","embeddable":true,"href":"https:\/\/diarioregionaldigital.com.br\/index.php?rest_route=%2Fwp%2Fv2%2Ftags&post=199149"}],"curies":[{"name":"wp","href":"https:\/\/api.w.org\/{rel}","templated":true}]}}