{"id":199130,"date":"2022-05-18T21:46:40","date_gmt":"2022-05-19T00:46:40","guid":{"rendered":"https:\/\/diarioregionaldigital.com.br\/?p=199130"},"modified":"2022-05-18T21:46:40","modified_gmt":"2022-05-19T00:46:40","slug":"programa-boniteza-realiza-revitalizacao-dos-canteiros-centrais-da-avenida-itamar-franco","status":"publish","type":"post","link":"https:\/\/diarioregionaldigital.com.br\/?p=199130","title":{"rendered":"Programa Boniteza realiza revitaliza\u00e7\u00e3o dos canteiros centrais da Avenida Itamar Franco"},"content":{"rendered":"<p>Segundo informa\u00e7\u00f5es do site da Prefeitura de Juiz de Fora, motoristas e pedestres que transitam pela Avenida Itamar Franco j\u00e1 devem ter reparado que a via est\u00e1 ganhando cara nova. A Empresa Municipal de Pavimenta\u00e7\u00e3o e Urbanidades (Empav) iniciou, nesta segunda-feira, 16, a revitaliza\u00e7\u00e3o dos canteiros centrais da Avenida. Novas cores e flores, aos poucos, est\u00e3o surgindo em um dos trechos mais movimentados da cidade.<\/p>\n<p>Dentre as a\u00e7\u00f5es, os trabalhadores da Empav est\u00e3o realizando reparos e reformas em vasos e jardineiras danificados pelas ra\u00edzes das plantas ou vandalizados, manuten\u00e7\u00e3o das pedras portuguesas, al\u00e9m da pintura das guias (meios-fios). A revitaliza\u00e7\u00e3o ser\u00e1 feita em toda a extens\u00e3o da avenida e inclui, ainda, o plantio de novas esp\u00e9cies de plantas ornamentais.<\/p>\n<p>No que tange \u00e0s novas esp\u00e9cies que passar\u00e3o a fazer parte da paisagem da Itamar Franco, na \u00faltima semana, precisamente no dia 10 de maio, acauteladas do sistema prisional, lotadas em Juiz de Fora, iniciaram o plantio de mudas, cultivadas por elas, na rotat\u00f3ria do Lacet, localizada entre as avenidas Itamar Franco e Paulo Japiassu Coelho.<\/p>\n<p>Durante a execu\u00e7\u00e3o dos trabalhos, o tr\u00e2nsito pode sofrer pequenas altera\u00e7\u00f5es no trecho, j\u00e1 que \u00e9 preciso isolar parte de uma pista para garantir a seguran\u00e7a dos trabalhadores. A previs\u00e3o \u00e9 que os servi\u00e7os sejam conclu\u00eddos at\u00e9 o dia 31 de maio, data do anivers\u00e1rio da cidade, garantindo uma celebra\u00e7\u00e3o ainda mais bonita com a Avenida Itamar Franco revigorada.<\/p>\n","protected":false},"excerpt":{"rendered":"<p>Segundo informa\u00e7\u00f5es do site da Prefeitura de Juiz de Fora, motoristas e pedestres que transitam pela Avenida Itamar Franco j\u00e1 devem ter reparado que a via est\u00e1 ganhando cara nova. A Empresa Municipal de Pavimenta\u00e7\u00e3o e Urbanidades (Empav) iniciou, nesta segunda-feira, 16, a revitaliza\u00e7\u00e3o dos canteiros centrais da Avenida. Novas cores e flores, aos poucos, [&hellip;]<\/p>\n","protected":false},"author":246,"featured_media":199131,"comment_status":"closed","ping_status":"closed","sticky":false,"template":"","format":"standard","meta":{"footnotes":""},"categories":[253,436,439],"tags":[],"class_list":["post-199130","post","type-post","status-publish","format-standard","has-post-thumbnail","hentry","category-cidade","category-destaque-da-semana","category-ultima-hora"],"_links":{"self":[{"href":"https:\/\/diarioregionaldigital.com.br\/index.php?rest_route=\/wp\/v2\/posts\/199130","targetHints":{"allow":["GET"]}}],"collection":[{"href":"https:\/\/diarioregionaldigital.com.br\/index.php?rest_route=\/wp\/v2\/posts"}],"about":[{"href":"https:\/\/diarioregionaldigital.com.br\/index.php?rest_route=\/wp\/v2\/types\/post"}],"author":[{"embeddable":true,"href":"https:\/\/diarioregionaldigital.com.br\/index.php?rest_route=\/wp\/v2\/users\/246"}],"replies":[{"embeddable":true,"href":"https:\/\/diarioregionaldigital.com.br\/index.php?rest_route=%2Fwp%2Fv2%2Fcomments&post=199130"}],"version-history":[{"count":1,"href":"https:\/\/diarioregionaldigital.com.br\/index.php?rest_route=\/wp\/v2\/posts\/199130\/revisions"}],"predecessor-version":[{"id":199132,"href":"https:\/\/diarioregionaldigital.com.br\/index.php?rest_route=\/wp\/v2\/posts\/199130\/revisions\/199132"}],"wp:featuredmedia":[{"embeddable":true,"href":"https:\/\/diarioregionaldigital.com.br\/index.php?rest_route=\/wp\/v2\/media\/199131"}],"wp:attachment":[{"href":"https:\/\/diarioregionaldigital.com.br\/index.php?rest_route=%2Fwp%2Fv2%2Fmedia&parent=199130"}],"wp:term":[{"taxonomy":"category","embeddable":true,"href":"https:\/\/diarioregionaldigital.com.br\/index.php?rest_route=%2Fwp%2Fv2%2Fcategories&post=199130"},{"taxonomy":"post_tag","embeddable":true,"href":"https:\/\/diarioregionaldigital.com.br\/index.php?rest_route=%2Fwp%2Fv2%2Ftags&post=199130"}],"curies":[{"name":"wp","href":"https:\/\/api.w.org\/{rel}","templated":true}]}}