{"id":199127,"date":"2022-05-18T21:45:03","date_gmt":"2022-05-19T00:45:03","guid":{"rendered":"https:\/\/diarioregionaldigital.com.br\/?p=199127"},"modified":"2022-05-18T21:45:03","modified_gmt":"2022-05-19T00:45:03","slug":"procon-tambem-e-ponto-de-arrecadacao-da-campanha-juiz-de-fora-solidaria-no-frio","status":"publish","type":"post","link":"https:\/\/diarioregionaldigital.com.br\/?p=199127","title":{"rendered":"Procon tamb\u00e9m \u00e9 ponto de arrecada\u00e7\u00e3o da campanha Juiz de Fora solid\u00e1ria no frio"},"content":{"rendered":"<p>Segundo informa\u00e7\u00f5es do site da Prefeitura de Juiz de Fora (PJF), nesta ter\u00e7a-feira, 17, a Prefeitura de Juiz de Fora (PJF) lan\u00e7ou a campanha \u201cJuiz de Fora Solid\u00e1ria no Frio\u201d. A campanha tem como objetivo arrecadar cobertores, toucas, meias e roupa de cama em geral para a popula\u00e7\u00e3o em situa\u00e7\u00e3o de rua e fam\u00edlias em vulnerabilidade social, tendo em vista a chegada antecipada de frentes frias no munic\u00edpio.<br \/>\nO material ser\u00e1 encaminhado para abrigos, casas de acolhimento, entidades que prestam assist\u00eancia \u00e0 popula\u00e7\u00e3o em situa\u00e7\u00e3o de rua, entre outras institui\u00e7\u00f5es. As doa\u00e7\u00f5es podem ser feitas at\u00e9 o dia 30 de setembro.<\/p>\n<p>O Procon\/JF \u00e9 um dos pontos de arrecada\u00e7\u00e3o e j\u00e1 est\u00e1 recebendo doa\u00e7\u00f5es. Os itens devem ser entregues no Departamento de Estudos, Pesquisas e Projetos (DEPP), no segundo andar da ag\u00eancia, situada na Avenida Presidente Itamar Franco, 992 \u2013 Centro.<\/p>\n<p>Para mais informa\u00e7\u00f5es, interessados devem entrar em contato atrav\u00e9s do telefone\u00a02104-8702.<\/p>\n","protected":false},"excerpt":{"rendered":"<p>Segundo informa\u00e7\u00f5es do site da Prefeitura de Juiz de Fora (PJF), nesta ter\u00e7a-feira, 17, a Prefeitura de Juiz de Fora (PJF) lan\u00e7ou a campanha \u201cJuiz de Fora Solid\u00e1ria no Frio\u201d. A campanha tem como objetivo arrecadar cobertores, toucas, meias e roupa de cama em geral para a popula\u00e7\u00e3o em situa\u00e7\u00e3o de rua e fam\u00edlias em [&hellip;]<\/p>\n","protected":false},"author":246,"featured_media":199128,"comment_status":"closed","ping_status":"closed","sticky":false,"template":"","format":"standard","meta":{"footnotes":""},"categories":[253,436,439],"tags":[],"class_list":["post-199127","post","type-post","status-publish","format-standard","has-post-thumbnail","hentry","category-cidade","category-destaque-da-semana","category-ultima-hora"],"_links":{"self":[{"href":"https:\/\/diarioregionaldigital.com.br\/index.php?rest_route=\/wp\/v2\/posts\/199127","targetHints":{"allow":["GET"]}}],"collection":[{"href":"https:\/\/diarioregionaldigital.com.br\/index.php?rest_route=\/wp\/v2\/posts"}],"about":[{"href":"https:\/\/diarioregionaldigital.com.br\/index.php?rest_route=\/wp\/v2\/types\/post"}],"author":[{"embeddable":true,"href":"https:\/\/diarioregionaldigital.com.br\/index.php?rest_route=\/wp\/v2\/users\/246"}],"replies":[{"embeddable":true,"href":"https:\/\/diarioregionaldigital.com.br\/index.php?rest_route=%2Fwp%2Fv2%2Fcomments&post=199127"}],"version-history":[{"count":1,"href":"https:\/\/diarioregionaldigital.com.br\/index.php?rest_route=\/wp\/v2\/posts\/199127\/revisions"}],"predecessor-version":[{"id":199129,"href":"https:\/\/diarioregionaldigital.com.br\/index.php?rest_route=\/wp\/v2\/posts\/199127\/revisions\/199129"}],"wp:featuredmedia":[{"embeddable":true,"href":"https:\/\/diarioregionaldigital.com.br\/index.php?rest_route=\/wp\/v2\/media\/199128"}],"wp:attachment":[{"href":"https:\/\/diarioregionaldigital.com.br\/index.php?rest_route=%2Fwp%2Fv2%2Fmedia&parent=199127"}],"wp:term":[{"taxonomy":"category","embeddable":true,"href":"https:\/\/diarioregionaldigital.com.br\/index.php?rest_route=%2Fwp%2Fv2%2Fcategories&post=199127"},{"taxonomy":"post_tag","embeddable":true,"href":"https:\/\/diarioregionaldigital.com.br\/index.php?rest_route=%2Fwp%2Fv2%2Ftags&post=199127"}],"curies":[{"name":"wp","href":"https:\/\/api.w.org\/{rel}","templated":true}]}}