{"id":199124,"date":"2022-05-18T21:43:10","date_gmt":"2022-05-19T00:43:10","guid":{"rendered":"https:\/\/diarioregionaldigital.com.br\/?p=199124"},"modified":"2022-05-18T21:43:10","modified_gmt":"2022-05-19T00:43:10","slug":"cmdca-panfleta-no-parque-halfeld-para-promover-dia-nacional-de-combate-ao-abuso-de-criancas-e-adolescentes","status":"publish","type":"post","link":"https:\/\/diarioregionaldigital.com.br\/?p=199124","title":{"rendered":"CMDCA panfleta no Parque Halfeld para promover Dia Nacional de Combate ao Abuso de Crian\u00e7as e Adolescentes"},"content":{"rendered":"<p>Segundo informa\u00e7\u00f5es do site da Prefeitura de Juiz de Fora, nesta quarta-feira, 18, membros do Conselho Municipal dos Direitos da Crian\u00e7a e do Adolescente de Juiz de Fora (CMDCA-JF) distribu\u00edram folders educativos no Parque Halfeld, dando continuidade \u00e0 sua <a href=\"https:\/\/www.pjf.mg.gov.br\/noticias\/view.php?modo=link2&amp;idnoticia2=75301\"><strong>programa\u00e7\u00e3o<\/strong><\/a>\u00a0para o Dia Nacional de Combate ao Abuso e \u00e0 Explora\u00e7\u00e3o Sexual de Crian\u00e7as e Adolescentes, celebrado hoje. A iniciativa tem como objetivo esclarecer a sociedade sobre os direitos desta parcela da popula\u00e7\u00e3o, bem como divulgar os servi\u00e7os de den\u00fancia.<\/p>\n<p>A vice-presidente do CMDCA, Raquel Gaio, lembrou que, em 2021, foram registradas cerca de 100 mil den\u00fancias de viola\u00e7\u00e3o de direitos contra crian\u00e7as e adolescentes. Dessas, 18 mil foram de viol\u00eancia sexual. \u201cCom esta a\u00e7\u00e3o, queremos ajudar a sociedade a mudar sua mentalidade em rela\u00e7\u00e3o \u00e0 crian\u00e7a e ao adolescente. \u00c9 preciso acabar com esta percep\u00e7\u00e3o deles enquanto objetos, pois eles s\u00e3o sujeitos de direito, promotores da pr\u00f3pria hist\u00f3ria. Importante tamb\u00e9m n\u00e3o duvidar dos seus relatos, pois o abuso vai muito al\u00e9m de um ato sexual\u201d, afirmou.<\/p>\n<p><strong>Origens da data<\/strong><\/p>\n<p>Em 18 de maio de 1973, uma menina de oito anos de idade, chamada Araceli, foi sequestrada e morta em Vit\u00f3ria, no Esp\u00edrito Santo. No ano de 1991, os tr\u00eas acusados de matar a jovem foram absolvidos e o crime segue impune at\u00e9 hoje.<\/p>\n<p>Ap\u00f3s a mobiliza\u00e7\u00e3o de entidades, surgiu a ideia de criar o Dia Nacional de Combate ao Abuso e Explora\u00e7\u00e3o Sexual e Comercial de Crian\u00e7as e Adolescentes. A data sugerida foi 18 de maio, dia do assassinato de Araceli, que, em 2000, foi oficializada em todo o territ\u00f3rio brasileiro.<\/p>\n<p>Foi criada ent\u00e3o a campanha \u201cFa\u00e7a Bonito &#8211; Proteja Nossas Crian\u00e7as e Adolescentes\u201d, que tinha como s\u00edmbolo uma flor de cor laranja. Assim, o m\u00eas de maio tamb\u00e9m ficou conhecido como \u201cMaio Laranja\u201d.<\/p>\n","protected":false},"excerpt":{"rendered":"<p>Segundo informa\u00e7\u00f5es do site da Prefeitura de Juiz de Fora, nesta quarta-feira, 18, membros do Conselho Municipal dos Direitos da Crian\u00e7a e do Adolescente de Juiz de Fora (CMDCA-JF) distribu\u00edram folders educativos no Parque Halfeld, dando continuidade \u00e0 sua programa\u00e7\u00e3o\u00a0para o Dia Nacional de Combate ao Abuso e \u00e0 Explora\u00e7\u00e3o Sexual de Crian\u00e7as e Adolescentes, [&hellip;]<\/p>\n","protected":false},"author":246,"featured_media":199125,"comment_status":"closed","ping_status":"closed","sticky":false,"template":"","format":"standard","meta":{"footnotes":""},"categories":[253,436,439],"tags":[],"class_list":["post-199124","post","type-post","status-publish","format-standard","has-post-thumbnail","hentry","category-cidade","category-destaque-da-semana","category-ultima-hora"],"_links":{"self":[{"href":"https:\/\/diarioregionaldigital.com.br\/index.php?rest_route=\/wp\/v2\/posts\/199124","targetHints":{"allow":["GET"]}}],"collection":[{"href":"https:\/\/diarioregionaldigital.com.br\/index.php?rest_route=\/wp\/v2\/posts"}],"about":[{"href":"https:\/\/diarioregionaldigital.com.br\/index.php?rest_route=\/wp\/v2\/types\/post"}],"author":[{"embeddable":true,"href":"https:\/\/diarioregionaldigital.com.br\/index.php?rest_route=\/wp\/v2\/users\/246"}],"replies":[{"embeddable":true,"href":"https:\/\/diarioregionaldigital.com.br\/index.php?rest_route=%2Fwp%2Fv2%2Fcomments&post=199124"}],"version-history":[{"count":1,"href":"https:\/\/diarioregionaldigital.com.br\/index.php?rest_route=\/wp\/v2\/posts\/199124\/revisions"}],"predecessor-version":[{"id":199126,"href":"https:\/\/diarioregionaldigital.com.br\/index.php?rest_route=\/wp\/v2\/posts\/199124\/revisions\/199126"}],"wp:featuredmedia":[{"embeddable":true,"href":"https:\/\/diarioregionaldigital.com.br\/index.php?rest_route=\/wp\/v2\/media\/199125"}],"wp:attachment":[{"href":"https:\/\/diarioregionaldigital.com.br\/index.php?rest_route=%2Fwp%2Fv2%2Fmedia&parent=199124"}],"wp:term":[{"taxonomy":"category","embeddable":true,"href":"https:\/\/diarioregionaldigital.com.br\/index.php?rest_route=%2Fwp%2Fv2%2Fcategories&post=199124"},{"taxonomy":"post_tag","embeddable":true,"href":"https:\/\/diarioregionaldigital.com.br\/index.php?rest_route=%2Fwp%2Fv2%2Ftags&post=199124"}],"curies":[{"name":"wp","href":"https:\/\/api.w.org\/{rel}","templated":true}]}}