{"id":199121,"date":"2022-05-18T21:30:35","date_gmt":"2022-05-19T00:30:35","guid":{"rendered":"https:\/\/diarioregionaldigital.com.br\/?p=199121"},"modified":"2022-05-18T21:30:35","modified_gmt":"2022-05-19T00:30:35","slug":"prefeitura-discute-alagamentos-com-moradores-dos-bairros-democrata-e-mariano-procopio","status":"publish","type":"post","link":"https:\/\/diarioregionaldigital.com.br\/?p=199121","title":{"rendered":"Prefeitura discute alagamentos com moradores dos bairros Democrata e Mariano Proc\u00f3pio"},"content":{"rendered":"<p>Segundo informa\u00e7\u00f5es do site da Prefeitura de Juiz de Fora (PJF), a prefeita Margarida Salom\u00e3o, juntamente com o secret\u00e1rio de Obras (SO), Lincoln Santos, e o diretor Presidente da Companhia de Saneamento Municipal (Cesama), J\u00falio C\u00e9sar Teixeira, estiveram no Grupo Ant\u00f4nio Carlos, para conversar com os moradores dos bairros Democrata e Mariano Proc\u00f3pio sobre as enchentes na regi\u00e3o.<\/p>\n<p>Com uma demanda hist\u00f3rica de enchentes, os moradores conversaram com a prefeitura sobre poss\u00edveis solu\u00e7\u00f5es e ajustes nos projetos que ser\u00e3o levados em considera\u00e7\u00e3o e debatidos com a \u00e1rea t\u00e9cnica. A prefeita relembra que \u00e9 com o di\u00e1logo, de ambas as partes, que a solu\u00e7\u00e3o ser\u00e1 encontrada. \u201cAssim que assumi a Prefeitura de Juiz de Fora, pedi aos t\u00e9cnicos da Cesama que realizassem um estudo na regi\u00e3o, para que pud\u00e9ssemos achar uma sa\u00edda para evitar os alagamentos nos bairros. \u00c9 conversando e ouvindo que os humanos encontram as respostas para os problemas. Vamos levar em considera\u00e7\u00e3o a proposta dos moradores e iremos voltar para apresentar os novos estudos. Mas independentemente de qualquer outra a\u00e7\u00e3o, n\u00f3s j\u00e1 iremos realizar a limpeza do c\u00f3rrego do Mariano Proc\u00f3pio, que ajudar\u00e1 e muito na vaz\u00e3o da \u00e1gua e ir\u00e1 diminuir os impactos\u201d, conclui.<\/p>\n","protected":false},"excerpt":{"rendered":"<p>Segundo informa\u00e7\u00f5es do site da Prefeitura de Juiz de Fora (PJF), a prefeita Margarida Salom\u00e3o, juntamente com o secret\u00e1rio de Obras (SO), Lincoln Santos, e o diretor Presidente da Companhia de Saneamento Municipal (Cesama), J\u00falio C\u00e9sar Teixeira, estiveram no Grupo Ant\u00f4nio Carlos, para conversar com os moradores dos bairros Democrata e Mariano Proc\u00f3pio sobre as [&hellip;]<\/p>\n","protected":false},"author":246,"featured_media":199122,"comment_status":"closed","ping_status":"closed","sticky":false,"template":"","format":"standard","meta":{"footnotes":""},"categories":[253,436,440,439],"tags":[],"class_list":["post-199121","post","type-post","status-publish","format-standard","has-post-thumbnail","hentry","category-cidade","category-destaque-da-semana","category-destaques-do-dia","category-ultima-hora"],"_links":{"self":[{"href":"https:\/\/diarioregionaldigital.com.br\/index.php?rest_route=\/wp\/v2\/posts\/199121","targetHints":{"allow":["GET"]}}],"collection":[{"href":"https:\/\/diarioregionaldigital.com.br\/index.php?rest_route=\/wp\/v2\/posts"}],"about":[{"href":"https:\/\/diarioregionaldigital.com.br\/index.php?rest_route=\/wp\/v2\/types\/post"}],"author":[{"embeddable":true,"href":"https:\/\/diarioregionaldigital.com.br\/index.php?rest_route=\/wp\/v2\/users\/246"}],"replies":[{"embeddable":true,"href":"https:\/\/diarioregionaldigital.com.br\/index.php?rest_route=%2Fwp%2Fv2%2Fcomments&post=199121"}],"version-history":[{"count":1,"href":"https:\/\/diarioregionaldigital.com.br\/index.php?rest_route=\/wp\/v2\/posts\/199121\/revisions"}],"predecessor-version":[{"id":199123,"href":"https:\/\/diarioregionaldigital.com.br\/index.php?rest_route=\/wp\/v2\/posts\/199121\/revisions\/199123"}],"wp:featuredmedia":[{"embeddable":true,"href":"https:\/\/diarioregionaldigital.com.br\/index.php?rest_route=\/wp\/v2\/media\/199122"}],"wp:attachment":[{"href":"https:\/\/diarioregionaldigital.com.br\/index.php?rest_route=%2Fwp%2Fv2%2Fmedia&parent=199121"}],"wp:term":[{"taxonomy":"category","embeddable":true,"href":"https:\/\/diarioregionaldigital.com.br\/index.php?rest_route=%2Fwp%2Fv2%2Fcategories&post=199121"},{"taxonomy":"post_tag","embeddable":true,"href":"https:\/\/diarioregionaldigital.com.br\/index.php?rest_route=%2Fwp%2Fv2%2Ftags&post=199121"}],"curies":[{"name":"wp","href":"https:\/\/api.w.org\/{rel}","templated":true}]}}