{"id":199111,"date":"2022-05-18T21:15:15","date_gmt":"2022-05-19T00:15:15","guid":{"rendered":"https:\/\/diarioregionaldigital.com.br\/?p=199111"},"modified":"2022-05-18T21:15:15","modified_gmt":"2022-05-19T00:15:15","slug":"boxe-bia-ferreira-atropela-italiana-e-vai-a-final-do-mundial-feminino","status":"publish","type":"post","link":"https:\/\/diarioregionaldigital.com.br\/?p=199111","title":{"rendered":"Boxe: Bia Ferreira atropela italiana e vai \u00e0 final do Mundial feminino"},"content":{"rendered":"<p>Atual campe\u00e3 mundial de boxe feminino na categoria at\u00e9 60 quilos, Beatriz Ferreira vai decidir o t\u00edtulo outra vez. Na quarta-feira\u00a0(18), a baiana se classificou \u00e0 final da competi\u00e7\u00e3o, em Istambul (Turquia), ao vencer a italiana Alessia Mesiano por decis\u00e3o un\u00e2nime dos cinco \u00e1rbitros, depois de tr\u00eas rounds.<img decoding=\"async\" src=\"https:\/\/agenciabrasil.ebc.com.br\/ebc.png?id=1460396&amp;o=node\" \/><img decoding=\"async\" src=\"https:\/\/agenciabrasil.ebc.com.br\/ebc.gif?id=1460396&amp;o=node\" \/><\/p>\n<p>A brasileira enfrenta na sexta-feira (21) a norte-americana Rashida Ellis, valendo o bicampeonato mundial.\u00a0As finais come\u00e7am\u00a0a partir das 12h (hor\u00e1rio de Bras\u00edlia), com\u00a0<a href=\"https:\/\/www.canalolimpicodobrasil.com.br\/\">transmiss\u00e3o ao vivo<\/a>\u00a0no Canal Ol\u00edmpico do Brasil.<\/p>\n<p>Bia foi superior a Mesiano desde o in\u00edcio do combate. No segundo round, a baiana encaixou um cruzado de esquerda que fez a arbitragem paralisar a luta e abrir contagem, mas a italiana, campe\u00e3 mundial em 2016, seguiu de p\u00e9. A\u00a0rival tentou ser mais agressiva nos tr\u00eas minutos finais, mas cedeu espa\u00e7os para a brasileira contra-atacar e manter o\u00a0dom\u00ednio.<\/p>\n<p>O confronto entre Bia e Ellis reedita a semifinal do \u00faltimo Mundial, disputado em 2019, na cidade russa de Ecaterimburgo. Na ocasi\u00e3o, a brasileira venceu com decis\u00e3o favor\u00e1vel de quatro dos cinco jurados. Elas tamb\u00e9m duelaram, em abril deste ano, na final do Campeonato Continental das Am\u00e9ricas, em Guayaquil (Equador), novamente com triunfo da baiana.<\/p>\n<h2>&#8220;Naka&#8221; assegura 1\u00aa medalha<\/h2>\n<p>Na semifinal da categoria at\u00e9 52 quilos do Mundial, a pernambucana Caroline de Almeida n\u00e3o resistiu \u00e0 indiana e Nikhat Zaaren e perdeu por decis\u00e3o un\u00e2nime dos \u00e1rbitros. Como n\u00e3o h\u00e1 disputa de terceiro lugar no boxe, a brasileira, conhecida pelo apelido &#8220;Naka&#8221;, assegurou o bronze, primeira medalha do pa\u00eds na edi\u00e7\u00e3o de Istambul.<\/p>\n<p>Fonte: Ag\u00eancia Brasil<\/p>\n","protected":false},"excerpt":{"rendered":"<p>Atual campe\u00e3 mundial de boxe feminino na categoria at\u00e9 60 quilos, Beatriz Ferreira vai decidir o t\u00edtulo outra vez. Na quarta-feira\u00a0(18), a baiana se classificou \u00e0 final da competi\u00e7\u00e3o, em Istambul (Turquia), ao vencer a italiana Alessia Mesiano por decis\u00e3o un\u00e2nime dos cinco \u00e1rbitros, depois de tr\u00eas rounds. A brasileira enfrenta na sexta-feira (21) a [&hellip;]<\/p>\n","protected":false},"author":246,"featured_media":199112,"comment_status":"closed","ping_status":"closed","sticky":false,"template":"","format":"standard","meta":{"footnotes":""},"categories":[436,257,439],"tags":[],"class_list":["post-199111","post","type-post","status-publish","format-standard","has-post-thumbnail","hentry","category-destaque-da-semana","category-esporte","category-ultima-hora"],"_links":{"self":[{"href":"https:\/\/diarioregionaldigital.com.br\/index.php?rest_route=\/wp\/v2\/posts\/199111","targetHints":{"allow":["GET"]}}],"collection":[{"href":"https:\/\/diarioregionaldigital.com.br\/index.php?rest_route=\/wp\/v2\/posts"}],"about":[{"href":"https:\/\/diarioregionaldigital.com.br\/index.php?rest_route=\/wp\/v2\/types\/post"}],"author":[{"embeddable":true,"href":"https:\/\/diarioregionaldigital.com.br\/index.php?rest_route=\/wp\/v2\/users\/246"}],"replies":[{"embeddable":true,"href":"https:\/\/diarioregionaldigital.com.br\/index.php?rest_route=%2Fwp%2Fv2%2Fcomments&post=199111"}],"version-history":[{"count":1,"href":"https:\/\/diarioregionaldigital.com.br\/index.php?rest_route=\/wp\/v2\/posts\/199111\/revisions"}],"predecessor-version":[{"id":199113,"href":"https:\/\/diarioregionaldigital.com.br\/index.php?rest_route=\/wp\/v2\/posts\/199111\/revisions\/199113"}],"wp:featuredmedia":[{"embeddable":true,"href":"https:\/\/diarioregionaldigital.com.br\/index.php?rest_route=\/wp\/v2\/media\/199112"}],"wp:attachment":[{"href":"https:\/\/diarioregionaldigital.com.br\/index.php?rest_route=%2Fwp%2Fv2%2Fmedia&parent=199111"}],"wp:term":[{"taxonomy":"category","embeddable":true,"href":"https:\/\/diarioregionaldigital.com.br\/index.php?rest_route=%2Fwp%2Fv2%2Fcategories&post=199111"},{"taxonomy":"post_tag","embeddable":true,"href":"https:\/\/diarioregionaldigital.com.br\/index.php?rest_route=%2Fwp%2Fv2%2Ftags&post=199111"}],"curies":[{"name":"wp","href":"https:\/\/api.w.org\/{rel}","templated":true}]}}