{"id":199106,"date":"2022-05-18T21:11:57","date_gmt":"2022-05-19T00:11:57","guid":{"rendered":"https:\/\/diarioregionaldigital.com.br\/?p=199106"},"modified":"2022-05-18T21:11:57","modified_gmt":"2022-05-19T00:11:57","slug":"f1-nao-substituira-gp-da-russia-e-temporada-tera-22-corridas","status":"publish","type":"post","link":"https:\/\/diarioregionaldigital.com.br\/?p=199106","title":{"rendered":"F1 n\u00e3o substituir\u00e1 GP da R\u00fassia e temporada ter\u00e1 22 corridas"},"content":{"rendered":"<p>O Flamengo se classificou para as oitavas da Ta\u00e7a Libertadores ap\u00f3s derrotar o Universidad Cat\u00f3lica (Chile) por 3 a 0, na noite desta ter\u00e7a-feira (17) no est\u00e1dio do Maracan\u00e3. Este resultado teve import\u00e2ncia especial para o t\u00e9cnico Paulo Sousa, que tem recebido muitas cr\u00edticas pelo seu trabalho.<img decoding=\"async\" src=\"https:\/\/agenciabrasil.ebc.com.br\/ebc.png?id=1460237&amp;o=node\" \/><img decoding=\"async\" src=\"https:\/\/agenciabrasil.ebc.com.br\/ebc.gif?id=1460237&amp;o=node\" \/><\/p>\n<p>Com a vit\u00f3ria em casa o Rubro-Negro permanece na lideran\u00e7a do Grupo H, agora com 13 pontos. Desta forma o Flamengo carimbou sua vaga no mata-mata da competi\u00e7\u00e3o continental.<\/p>\n<p>A vit\u00f3ria sobre o Universidad Cat\u00f3lica serviu para amenizar um pouco as cr\u00edticas ao t\u00e9cnico portugu\u00eas Paulo Sousa, que tem sido apontado como o respons\u00e1vel por fracas atua\u00e7\u00f5es da equipe carioca, em especial no Campeonato Brasileiro, onde o Rubro-Negro vem de uma sequ\u00eancia de quatro partidas sem vit\u00f3ria.<\/p>\n<p>O Flamengo come\u00e7ou bem a partida e logo teve uma oportunidade cristalina de abrir o placar. Aos quatro minutos Gabriel Barbosa recebeu um \u00f3timo passe em profundidade e, na cara do goleiro Sebasti\u00e1n P\u00e9rez, falhou na hora da finaliza\u00e7\u00e3o.<\/p>\n<p>Por\u00e9m, dois minutos depois o time da G\u00e1vea conseguiu abrir o placar, quando o uruguaio Arrascaeta cobrou escanteio e Willian Ar\u00e3o n\u00e3o perdoou de cabe\u00e7a.<\/p>\n<p>A equipe do t\u00e9cnico Paulo Sousa continuou melhor, e ainda na primeira etapa ampliou aos 38. Matheuzinho recebeu de Arrascaeta na ponta direita e cruzou para Bruno Henrique, que escorou para Everton Ribeiro deixar o seu.<\/p>\n<p>Na etapa final a din\u00e2mica permaneceu muito parecida, com o Flamengo apresentando bom volume de jogo, mas perdendo muitas oportunidades. Por\u00e9m, no pen\u00faltimo minuto do tempo regulamentar o atacante Pedro, que entrou no lugar de Gabriel Barbosa, marcou um gola\u00e7o para coroar a vit\u00f3ria. O camisa 21 recebeu de Jo\u00e3o Gomes, deu dois cortes em Asta-Buruaga e bateu com viol\u00eancia para marcar.<\/p>\n<p>Agora o Flamengo se concentra no Brasileiro, onde pega o Goi\u00e1s no s\u00e1bado (21). Na Libertadores o Flamengo volta a jogar na ter\u00e7a (24), contra o Sporting Cristal (Peru).<\/p>\n<p>Fonte: Ag\u00eancia Brasil<\/p>\n","protected":false},"excerpt":{"rendered":"<p>O Flamengo se classificou para as oitavas da Ta\u00e7a Libertadores ap\u00f3s derrotar o Universidad Cat\u00f3lica (Chile) por 3 a 0, na noite desta ter\u00e7a-feira (17) no est\u00e1dio do Maracan\u00e3. Este resultado teve import\u00e2ncia especial para o t\u00e9cnico Paulo Sousa, que tem recebido muitas cr\u00edticas pelo seu trabalho. Com a vit\u00f3ria em casa o Rubro-Negro permanece [&hellip;]<\/p>\n","protected":false},"author":246,"featured_media":199108,"comment_status":"closed","ping_status":"closed","sticky":false,"template":"","format":"standard","meta":{"footnotes":""},"categories":[436,440,257,439],"tags":[],"class_list":["post-199106","post","type-post","status-publish","format-standard","has-post-thumbnail","hentry","category-destaque-da-semana","category-destaques-do-dia","category-esporte","category-ultima-hora"],"_links":{"self":[{"href":"https:\/\/diarioregionaldigital.com.br\/index.php?rest_route=\/wp\/v2\/posts\/199106","targetHints":{"allow":["GET"]}}],"collection":[{"href":"https:\/\/diarioregionaldigital.com.br\/index.php?rest_route=\/wp\/v2\/posts"}],"about":[{"href":"https:\/\/diarioregionaldigital.com.br\/index.php?rest_route=\/wp\/v2\/types\/post"}],"author":[{"embeddable":true,"href":"https:\/\/diarioregionaldigital.com.br\/index.php?rest_route=\/wp\/v2\/users\/246"}],"replies":[{"embeddable":true,"href":"https:\/\/diarioregionaldigital.com.br\/index.php?rest_route=%2Fwp%2Fv2%2Fcomments&post=199106"}],"version-history":[{"count":2,"href":"https:\/\/diarioregionaldigital.com.br\/index.php?rest_route=\/wp\/v2\/posts\/199106\/revisions"}],"predecessor-version":[{"id":199110,"href":"https:\/\/diarioregionaldigital.com.br\/index.php?rest_route=\/wp\/v2\/posts\/199106\/revisions\/199110"}],"wp:featuredmedia":[{"embeddable":true,"href":"https:\/\/diarioregionaldigital.com.br\/index.php?rest_route=\/wp\/v2\/media\/199108"}],"wp:attachment":[{"href":"https:\/\/diarioregionaldigital.com.br\/index.php?rest_route=%2Fwp%2Fv2%2Fmedia&parent=199106"}],"wp:term":[{"taxonomy":"category","embeddable":true,"href":"https:\/\/diarioregionaldigital.com.br\/index.php?rest_route=%2Fwp%2Fv2%2Fcategories&post=199106"},{"taxonomy":"post_tag","embeddable":true,"href":"https:\/\/diarioregionaldigital.com.br\/index.php?rest_route=%2Fwp%2Fv2%2Ftags&post=199106"}],"curies":[{"name":"wp","href":"https:\/\/api.w.org\/{rel}","templated":true}]}}