{"id":199100,"date":"2022-05-18T20:40:48","date_gmt":"2022-05-18T23:40:48","guid":{"rendered":"https:\/\/diarioregionaldigital.com.br\/?p=199100"},"modified":"2022-05-18T20:40:48","modified_gmt":"2022-05-18T23:40:48","slug":"obras-de-pavimentacao-da-lmg-760-e-da-mg-320-no-vale-do-rio-doce-estao-avancadas","status":"publish","type":"post","link":"https:\/\/diarioregionaldigital.com.br\/?p=199100","title":{"rendered":"Obras de pavimenta\u00e7\u00e3o da LMG-760 e da MG-320, no Vale do Rio Doce, est\u00e3o avan\u00e7adas"},"content":{"rendered":"<p>As obras de pavimenta\u00e7\u00e3o das rodovias LMG-760 e MG-320 est\u00e3o em est\u00e1gio avan\u00e7ado. De um total de 57 quil\u00f4metros que ser\u00e3o executados, cerca de 33 quil\u00f4metros j\u00e1 foram conclu\u00eddos pelo\u00a0<a href=\"http:\/\/www.der.mg.gov.br\/\" target=\"_blank\" rel=\"noopener\">Departamento de Edifica\u00e7\u00f5es e Estradas de Rodagem de Minas Gerais (DER-MG)<\/a>. O investimento \u00e9 da ordem de R$ 179 milh\u00f5es.<br \/>\n<br aria-hidden=\"true\" \/>Tamb\u00e9m est\u00e3o em andamento os servi\u00e7os de drenagem, terraplenagem e a constru\u00e7\u00e3o de pontes ao longo do trecho, que vai da BR-262 ao entroncamento de S\u00e3o Jos\u00e9 do Goiabal e segue at\u00e9 o distrito de Cava Grande, em Marli\u00e9ria, no Vale do Rio Doce.<\/p>\n<p>As sinaliza\u00e7\u00f5es horizontal e vertical est\u00e3o sendo feitas por etapas, \u00e0 medida que os trabalhos de pavimenta\u00e7\u00e3o s\u00e3o conclu\u00eddos.<\/p>\n<p>Este \u00e9 mais um segmento beneficiado pelo Provias, o maior pacote de melhorias rodovi\u00e1rias da \u00faltima d\u00e9cada do\u00a0<a href=\"http:\/\/www.mg.gov.br\/\" target=\"_blank\" rel=\"noopener\">Governo de Minas<\/a>.<\/p>\n<p>Quando conclu\u00eddas, as rodovias v\u00e3o favorecer as atividades econ\u00f4micas da regi\u00e3o, interligando cidades do Vale do A\u00e7o e da Zona da Mata mineira, al\u00e9m de oferecer um acesso mais r\u00e1pido ao Parque Estadual do Rio Doce.<\/p>\n<p><strong>Provias<\/strong><br \/>\n<br aria-hidden=\"true\" \/>Todas as regi\u00f5es do estado est\u00e3o sendo contempladas com obras do Provias, que tem por objetivo reverter a situa\u00e7\u00e3o prec\u00e1ria em que se encontram muitas rodovias mineiras, devido ao baixo investimento realizado por gest\u00f5es anteriores na manuten\u00e7\u00e3o das estradas.<\/p>\n<p>No total, ser\u00e3o 55 obras de recupera\u00e7\u00e3o funcional em 1.770 quil\u00f4metros da malha rodovi\u00e1ria e 44 empreendimentos pavimenta\u00e7\u00f5es e constru\u00e7\u00e3o de pontes, que somam cerca de 807 quil\u00f4metros.<\/p>\n<p>Dos recursos destinados ao Provias, R$ 1,4 bilh\u00e3o \u00e9 originado do Acordo Judicial assinado com o objetivo de reparar danos decorrentes do rompimento das barragens da Vale S.A, que tirou 272 vidas e gerou uma s\u00e9rie de impactos sociais, ambientais e econ\u00f4micos na bacia do Rio Paraopeba e em todo o estado de Minas Gerais.<\/p>\n<p>Al\u00e9m disso, cerca de R$ 120 milh\u00f5es t\u00eam origem no Termo de Transa\u00e7\u00e3o e de Ajustamento de Conduta (TTAC) firmado entre o Governo de Minas e a Funda\u00e7\u00e3o Renova. O restante \u00e9 fruto de conv\u00eanios e emendas parlamentares estaduais e federais, parcerias com empresas e conv\u00eanios com prefeituras.<br \/>\n<span style=\"font-weight: 400;\"><br \/>\nFonte: Ag\u00eancia Minas <\/span><\/p>\n","protected":false},"excerpt":{"rendered":"<p>As obras de pavimenta\u00e7\u00e3o das rodovias LMG-760 e MG-320 est\u00e3o em est\u00e1gio avan\u00e7ado. De um total de 57 quil\u00f4metros que ser\u00e3o executados, cerca de 33 quil\u00f4metros j\u00e1 foram conclu\u00eddos pelo\u00a0Departamento de Edifica\u00e7\u00f5es e Estradas de Rodagem de Minas Gerais (DER-MG). O investimento \u00e9 da ordem de R$ 179 milh\u00f5es. Tamb\u00e9m est\u00e3o em andamento os servi\u00e7os [&hellip;]<\/p>\n","protected":false},"author":246,"featured_media":199101,"comment_status":"closed","ping_status":"closed","sticky":false,"template":"","format":"standard","meta":{"footnotes":""},"categories":[436,254,439],"tags":[],"class_list":["post-199100","post","type-post","status-publish","format-standard","has-post-thumbnail","hentry","category-destaque-da-semana","category-politica","category-ultima-hora"],"_links":{"self":[{"href":"https:\/\/diarioregionaldigital.com.br\/index.php?rest_route=\/wp\/v2\/posts\/199100","targetHints":{"allow":["GET"]}}],"collection":[{"href":"https:\/\/diarioregionaldigital.com.br\/index.php?rest_route=\/wp\/v2\/posts"}],"about":[{"href":"https:\/\/diarioregionaldigital.com.br\/index.php?rest_route=\/wp\/v2\/types\/post"}],"author":[{"embeddable":true,"href":"https:\/\/diarioregionaldigital.com.br\/index.php?rest_route=\/wp\/v2\/users\/246"}],"replies":[{"embeddable":true,"href":"https:\/\/diarioregionaldigital.com.br\/index.php?rest_route=%2Fwp%2Fv2%2Fcomments&post=199100"}],"version-history":[{"count":1,"href":"https:\/\/diarioregionaldigital.com.br\/index.php?rest_route=\/wp\/v2\/posts\/199100\/revisions"}],"predecessor-version":[{"id":199102,"href":"https:\/\/diarioregionaldigital.com.br\/index.php?rest_route=\/wp\/v2\/posts\/199100\/revisions\/199102"}],"wp:featuredmedia":[{"embeddable":true,"href":"https:\/\/diarioregionaldigital.com.br\/index.php?rest_route=\/wp\/v2\/media\/199101"}],"wp:attachment":[{"href":"https:\/\/diarioregionaldigital.com.br\/index.php?rest_route=%2Fwp%2Fv2%2Fmedia&parent=199100"}],"wp:term":[{"taxonomy":"category","embeddable":true,"href":"https:\/\/diarioregionaldigital.com.br\/index.php?rest_route=%2Fwp%2Fv2%2Fcategories&post=199100"},{"taxonomy":"post_tag","embeddable":true,"href":"https:\/\/diarioregionaldigital.com.br\/index.php?rest_route=%2Fwp%2Fv2%2Ftags&post=199100"}],"curies":[{"name":"wp","href":"https:\/\/api.w.org\/{rel}","templated":true}]}}