{"id":199092,"date":"2022-05-18T20:37:07","date_gmt":"2022-05-18T23:37:07","guid":{"rendered":"https:\/\/diarioregionaldigital.com.br\/?p=199092"},"modified":"2022-05-18T20:37:07","modified_gmt":"2022-05-18T23:37:07","slug":"missao-comercial-do-governo-do-estado-aproxima-setor-avicola-e-de-suinos-de-minas-com-o-mercado-argentino","status":"publish","type":"post","link":"https:\/\/diarioregionaldigital.com.br\/?p=199092","title":{"rendered":"Miss\u00e3o comercial do Governo do Estado aproxima setor av\u00edcola e de su\u00ednos de Minas com o mercado argentino"},"content":{"rendered":"<p>Miss\u00e3o comercial realizada pelo\u00a0<a href=\"http:\/\/www.mg.gov.br\/\" target=\"_blank\" rel=\"noopener\">Governo de Minas<\/a>, por meio das secretarias de\u00a0<a href=\"http:\/\/www.agricultura.mg.gov.br\/\" target=\"_blank\" rel=\"noopener\">Agricultura, Pecu\u00e1ria e Abastecimento (Seapa)<\/a>\u00a0e de\u00a0<a href=\"http:\/\/www.desenvolvimento.mg.gov.br\/\" target=\"_blank\" rel=\"noopener\">Desenvolvimento Econ\u00f4mico (Sede)<\/a>, promoveu o encontro do setor mineiro de carne su\u00edna e av\u00edcola com o setor de supermercados, ind\u00fastrias e frigor\u00edficos argentinos, com o objetivo de buscar novos mercados, ampliar canais de comercializa\u00e7\u00e3o entre empresas de ambos os pa\u00edses e diversificar a pauta de exporta\u00e7\u00f5es de estado.<\/p>\n<p>Realizado entre os dias 16 e 17\/5,\u00a0na Embaixada Brasileira em Buenos Aires, o evento teve a presen\u00e7a de seis empresas mineiras do setor av\u00edcola e de su\u00ednos, e contou com a parceria da Associa\u00e7\u00e3o dos Suinocultores do Estado de Minas Gerais (Asemg) e Associa\u00e7\u00e3o dos Avicultores de Minas Gerais (Avimig).<\/p>\n<p>Representando a Secretaria de Agricultura, o subsecret\u00e1rio Jo\u00e3o Ricardo Albanez destacou a import\u00e2ncia da miss\u00e3o comercial.<\/p>\n<p>\u201cOs grandes fornecedores de carnes de aves e su\u00ednos para o mercado argentino est\u00e3o no sul do pa\u00eds, principalmente nos estados de Santa Catarina e Paran\u00e1.\u00a0 O mercado argentino ainda n\u00e3o \u00e9 um consumidor expressivo nas exporta\u00e7\u00f5es mineiras de carnes de aves. J\u00e1 em rela\u00e7\u00e3o \u00e0 carne su\u00edna, a Argentina ocupa o nono lugar das exporta\u00e7\u00f5es do estado. Esta miss\u00e3o \u00e9 uma oportunidade para o setor produtivo mineiro estreitar as rela\u00e7\u00f5es comerciais e diversificar a pauta exportadora com a inclus\u00e3o de produtos de maior valor agregado\u201d, avalia.<\/p>\n<p>O diretor de Promo\u00e7\u00e3o de Exporta\u00e7\u00f5es da Sede, Marcelo Faria, tamb\u00e9m ressaltou o prop\u00f3sito da miss\u00e3o.<\/p>\n<p>\u201cMinas Gerais, apesar de n\u00e3o estar t\u00e3o pr\u00f3ximo da Argentina em termos log\u00edsticos, consegue apresentar um produto com valor competitivo e alta qualidade, em condi\u00e7\u00f5es de concorrer com qualquer potencialidade que outros estados possam apresentar. No momento, a Am\u00e9rica do Sul como um todo participa somente com 8% do com\u00e9rcio internacional de Minas. E a Argentina se apresenta como um grande mercado a ser explorado, com potencial de enriquecimento da nossa pauta exportadora\u201d, analisa.<\/p>\n<p><strong>Mercado argentino\u00a0<\/strong><\/p>\n<p>Durante o encontro, o chefe da miss\u00e3o comercial na Embaixada do Brasil em Buenos Aires, M\u00e1rcio Gasparri, apresentou a contextualiza\u00e7\u00e3o econ\u00f4mica da Argentina. Segundo sua an\u00e1lise, tem havido um crescimento significativo no consumo de frangos e su\u00ednos e redu\u00e7\u00e3o no consumo da carne bovina.<\/p>\n<p>De acordo com os dados apresentados, o consumo de carne de aves no pa\u00eds passou de 20 kg\/por pessoa em 2003 para 45,5 kg\/por pessoa no ano passado. A participa\u00e7\u00e3o da carne su\u00edna na dieta proteica dos argentinos saltou de 7,9% em 2000 para 14,5% em 2021. Entre os fatores que explicam esse crescimento est\u00e3o a percep\u00e7\u00e3o do consumidor sobre a qualidade do produto e o contexto econ\u00f4mico e de infla\u00e7\u00e3o no pa\u00eds.<\/p>\n<p>Tamb\u00e9m foram abordados durante o encontro os aspectos t\u00e9cnicos e procedimentos burocr\u00e1ticos para a comercializa\u00e7\u00e3o entre os pa\u00edses, al\u00e9m das informa\u00e7\u00f5es sobre a log\u00edstica e o transporte de mercadorias. Ap\u00f3s as apresenta\u00e7\u00f5es, foi realizada a rodada de neg\u00f3cios entre importadores argentinos e exportadores mineiros.<\/p>\n<p><span style=\"font-weight: 400;\"><br \/>\n<\/span><span style=\"font-weight: 400;\">Fonte: Ag\u00eancia Minas <\/span><\/p>\n","protected":false},"excerpt":{"rendered":"<p>Miss\u00e3o comercial realizada pelo\u00a0Governo de Minas, por meio das secretarias de\u00a0Agricultura, Pecu\u00e1ria e Abastecimento (Seapa)\u00a0e de\u00a0Desenvolvimento Econ\u00f4mico (Sede), promoveu o encontro do setor mineiro de carne su\u00edna e av\u00edcola com o setor de supermercados, ind\u00fastrias e frigor\u00edficos argentinos, com o objetivo de buscar novos mercados, ampliar canais de comercializa\u00e7\u00e3o entre empresas de ambos os pa\u00edses [&hellip;]<\/p>\n","protected":false},"author":246,"featured_media":199093,"comment_status":"closed","ping_status":"closed","sticky":false,"template":"","format":"standard","meta":{"footnotes":""},"categories":[436,440,254,439],"tags":[],"class_list":["post-199092","post","type-post","status-publish","format-standard","has-post-thumbnail","hentry","category-destaque-da-semana","category-destaques-do-dia","category-politica","category-ultima-hora"],"_links":{"self":[{"href":"https:\/\/diarioregionaldigital.com.br\/index.php?rest_route=\/wp\/v2\/posts\/199092","targetHints":{"allow":["GET"]}}],"collection":[{"href":"https:\/\/diarioregionaldigital.com.br\/index.php?rest_route=\/wp\/v2\/posts"}],"about":[{"href":"https:\/\/diarioregionaldigital.com.br\/index.php?rest_route=\/wp\/v2\/types\/post"}],"author":[{"embeddable":true,"href":"https:\/\/diarioregionaldigital.com.br\/index.php?rest_route=\/wp\/v2\/users\/246"}],"replies":[{"embeddable":true,"href":"https:\/\/diarioregionaldigital.com.br\/index.php?rest_route=%2Fwp%2Fv2%2Fcomments&post=199092"}],"version-history":[{"count":2,"href":"https:\/\/diarioregionaldigital.com.br\/index.php?rest_route=\/wp\/v2\/posts\/199092\/revisions"}],"predecessor-version":[{"id":199095,"href":"https:\/\/diarioregionaldigital.com.br\/index.php?rest_route=\/wp\/v2\/posts\/199092\/revisions\/199095"}],"wp:featuredmedia":[{"embeddable":true,"href":"https:\/\/diarioregionaldigital.com.br\/index.php?rest_route=\/wp\/v2\/media\/199093"}],"wp:attachment":[{"href":"https:\/\/diarioregionaldigital.com.br\/index.php?rest_route=%2Fwp%2Fv2%2Fmedia&parent=199092"}],"wp:term":[{"taxonomy":"category","embeddable":true,"href":"https:\/\/diarioregionaldigital.com.br\/index.php?rest_route=%2Fwp%2Fv2%2Fcategories&post=199092"},{"taxonomy":"post_tag","embeddable":true,"href":"https:\/\/diarioregionaldigital.com.br\/index.php?rest_route=%2Fwp%2Fv2%2Ftags&post=199092"}],"curies":[{"name":"wp","href":"https:\/\/api.w.org\/{rel}","templated":true}]}}