{"id":199086,"date":"2022-05-18T20:16:28","date_gmt":"2022-05-18T23:16:28","guid":{"rendered":"https:\/\/diarioregionaldigital.com.br\/?p=199086"},"modified":"2022-05-18T20:16:28","modified_gmt":"2022-05-18T23:16:28","slug":"ministro-afirma-que-bioeconomia-deve-ser-prioridade-no-pais","status":"publish","type":"post","link":"https:\/\/diarioregionaldigital.com.br\/?p=199086","title":{"rendered":"Ministro afirma que bioeconomia deve ser prioridade no pa\u00eds"},"content":{"rendered":"<p>O ministro da Ci\u00eancia, Tecnologia e Inova\u00e7\u00f5es, Paulo Alvim, defendeu\u00a0hoje\u00a0(17) o avan\u00e7o no pa\u00eds da bioeconomia \u2013 modelo de produ\u00e7\u00e3o industrial baseado no uso de recursos biol\u00f3gicos, como alternativa aos n\u00e3o renov\u00e1veis. De acordo com o ministro, o modelo \u00e9 estrat\u00e9gico e priorit\u00e1rio em raz\u00e3o das caracter\u00edsticas da biodiversidade brasileira.<img decoding=\"async\" src=\"https:\/\/agenciabrasil.ebc.com.br\/ebc.png?id=1460214&amp;o=node\" \/><img decoding=\"async\" src=\"https:\/\/agenciabrasil.ebc.com.br\/ebc.gif?id=1460214&amp;o=node\" \/><\/p>\n<p>\u201cUm pa\u00eds que tem a biodiversidade, com o n\u00famero de biomas que n\u00f3s temos, n\u00f3s n\u00e3o podemos abandonar esse fator diferencial. Isso, somado \u00e0 capacidade de pesquisa cient\u00edfica que n\u00f3s temos, que precisa ser ampliada, mas que n\u00f3s temos, e na pandemia mostrou a sua for\u00e7a, n\u00f3s conseguiremos construir um pa\u00eds diferente\u201d, disse Alvim no F\u00f3rum de Inova\u00e7\u00e3o Anbiotec, na 27\u00aa Feira Hospitalar, na capital paulista.<\/p>\n<p>O ministro ressaltou que o incremento da bioeconomia, assim como o da transforma\u00e7\u00e3o digital, \u00e9 fundamental no atual momento. &#8220;N\u00f3s n\u00e3o temos d\u00favida que duas \u00e1reas s\u00e3o estrat\u00e9gicas nessa retomada p\u00f3s-pandemia: a transforma\u00e7\u00e3o digital, que j\u00e1 se mostrou extremamente relevante, e a bioeconomia, como fator de diferencia\u00e7\u00e3o para garantir desenvolvimento sustent\u00e1vel\u201d, disse.<\/p>\n<p>De acordo com a Organiza\u00e7\u00e3o para a Coopera\u00e7\u00e3o e Desenvolvimento Econ\u00f4mico (OCDE), a bioeconomia movimenta no mercado mundial cerca de 2 trilh\u00f5es de euros e gera cerca de 22 milh\u00f5es de empregos. Segundo a entidade, o modelo responder\u00e1, at\u00e9 2030, por 2,7% do Produto Interno Bruto (PIB) dos seus pa\u00edses membros.<\/p>\n<p>Fonte: Ag\u00eancia Brasil<\/p>\n","protected":false},"excerpt":{"rendered":"<p>O ministro da Ci\u00eancia, Tecnologia e Inova\u00e7\u00f5es, Paulo Alvim, defendeu\u00a0hoje\u00a0(17) o avan\u00e7o no pa\u00eds da bioeconomia \u2013 modelo de produ\u00e7\u00e3o industrial baseado no uso de recursos biol\u00f3gicos, como alternativa aos n\u00e3o renov\u00e1veis. De acordo com o ministro, o modelo \u00e9 estrat\u00e9gico e priorit\u00e1rio em raz\u00e3o das caracter\u00edsticas da biodiversidade brasileira. \u201cUm pa\u00eds que tem a [&hellip;]<\/p>\n","protected":false},"author":246,"featured_media":199087,"comment_status":"closed","ping_status":"closed","sticky":false,"template":"","format":"standard","meta":{"footnotes":""},"categories":[436,261,439],"tags":[],"class_list":["post-199086","post","type-post","status-publish","format-standard","has-post-thumbnail","hentry","category-destaque-da-semana","category-economia","category-ultima-hora"],"_links":{"self":[{"href":"https:\/\/diarioregionaldigital.com.br\/index.php?rest_route=\/wp\/v2\/posts\/199086","targetHints":{"allow":["GET"]}}],"collection":[{"href":"https:\/\/diarioregionaldigital.com.br\/index.php?rest_route=\/wp\/v2\/posts"}],"about":[{"href":"https:\/\/diarioregionaldigital.com.br\/index.php?rest_route=\/wp\/v2\/types\/post"}],"author":[{"embeddable":true,"href":"https:\/\/diarioregionaldigital.com.br\/index.php?rest_route=\/wp\/v2\/users\/246"}],"replies":[{"embeddable":true,"href":"https:\/\/diarioregionaldigital.com.br\/index.php?rest_route=%2Fwp%2Fv2%2Fcomments&post=199086"}],"version-history":[{"count":1,"href":"https:\/\/diarioregionaldigital.com.br\/index.php?rest_route=\/wp\/v2\/posts\/199086\/revisions"}],"predecessor-version":[{"id":199088,"href":"https:\/\/diarioregionaldigital.com.br\/index.php?rest_route=\/wp\/v2\/posts\/199086\/revisions\/199088"}],"wp:featuredmedia":[{"embeddable":true,"href":"https:\/\/diarioregionaldigital.com.br\/index.php?rest_route=\/wp\/v2\/media\/199087"}],"wp:attachment":[{"href":"https:\/\/diarioregionaldigital.com.br\/index.php?rest_route=%2Fwp%2Fv2%2Fmedia&parent=199086"}],"wp:term":[{"taxonomy":"category","embeddable":true,"href":"https:\/\/diarioregionaldigital.com.br\/index.php?rest_route=%2Fwp%2Fv2%2Fcategories&post=199086"},{"taxonomy":"post_tag","embeddable":true,"href":"https:\/\/diarioregionaldigital.com.br\/index.php?rest_route=%2Fwp%2Fv2%2Ftags&post=199086"}],"curies":[{"name":"wp","href":"https:\/\/api.w.org\/{rel}","templated":true}]}}