{"id":199082,"date":"2022-05-18T20:14:39","date_gmt":"2022-05-18T23:14:39","guid":{"rendered":"https:\/\/diarioregionaldigital.com.br\/?p=199082"},"modified":"2022-05-18T20:14:39","modified_gmt":"2022-05-18T23:14:39","slug":"economia-de-mercado-e-democracia-fazem-do-brasil-pais-confiavel","status":"publish","type":"post","link":"https:\/\/diarioregionaldigital.com.br\/?p=199082","title":{"rendered":"Economia de mercado e democracia fazem do Brasil pa\u00eds confi\u00e1vel"},"content":{"rendered":"<p>Ser uma democracia ocidental estruturada em uma economia de mercado, e estar localizado pr\u00f3ximo aos mercados europeu e norte-americano, ajudar\u00e1 o Brasil a se beneficiar da busca cada vez maior de outros pa\u00edses por seguran\u00e7a energ\u00e9tica e alimentar. Mas para garantir essa posi\u00e7\u00e3o, \u00e9 fundamental que o pa\u00eds se destaque tamb\u00e9m como uma pot\u00eancia verde que preserva recursos ambientais e avan\u00e7a na transi\u00e7\u00e3o para fontes limpas de energia.<img decoding=\"async\" src=\"https:\/\/agenciabrasil.ebc.com.br\/ebc.png?id=1460387&amp;o=node\" \/><img decoding=\"async\" src=\"https:\/\/agenciabrasil.ebc.com.br\/ebc.gif?id=1460387&amp;o=node\" \/><\/p>\n<p>Estas foram as previs\u00f5es apresentadas pelo ministro da Economia, Paulo Guedes, hoje (18) durante o Congresso Mercado Global de Carbono \u2013 Descarboniza\u00e7\u00e3o &amp; Investimentos Verdes. O evento, do qual participam ministros, secret\u00e1rios, empres\u00e1rios e autoridades, segue at\u00e9 sexta-feira (20) no Museu do Meio Ambiente, localizado no Jardim Bot\u00e2nico do Rio de Janeiro.<\/p>\n<p>\u201cO Brasil j\u00e1 \u00e9 uma pot\u00eancia verde, energ\u00e9tica e alimentar. Essa ficha caiu para o mundo\u201d, disse o ministro ao abrir seu discurso, no qual destacou a relev\u00e2ncia deste papel na rela\u00e7\u00e3o com outros pa\u00edses em um contexto de p\u00f3s-pandemia de covid-19, seguido de uma guerra que alterou as cadeias produtivas globais.<\/p>\n<p>Segundo ele, a pandemia fez o mundo mergulhar em uma economia digital. J\u00e1 a guerra entre R\u00fassia e Ucr\u00e2nia resultou em \u201cum problema muito mais urgente para os europeus: est\u00e1 faltando tanto a energia que era fornecida pela R\u00fassia, como os gr\u00e3os que eram fornecidos pela Ucr\u00e2nia\u201d, disse o ministro.<\/p>\n<h2>Proximidade e confian\u00e7a<\/h2>\n<p>Guedes acrescentou que esse contexto mostrou ao mundo a relev\u00e2ncia de dois &#8220;conceitos-chave&#8221; refor\u00e7ados pelos EUA e pela Europa: o\u00a0<em>nearshore<\/em>, que \u00e9 a busca por neg\u00f3cios com pa\u00edses geograficamente pr\u00f3ximos, de forma a facilitar a log\u00edstica; e o\u00a0<em>friendshore<\/em>, conceito relacionado a pa\u00edses mais confi\u00e1veis.<\/p>\n<p>\u201cQual \u00e9 a \u00fanica plataforma de amigos que est\u00e3o perto? \u00c9 a do Brasil. Essa ficha caiu para os outros pa\u00edses\u201d, disse Guedes. \u201cEstamos perto, do ponto de vista de log\u00edstica, e ao mesmo tempo somos confi\u00e1veis porque somos uma democracia com economia de mercado\u201d, acrescentou.<\/p>\n<p>Ainda segundo o ministro, um outro fator que \u00e9 buscado pelas outras economias \u00e9 o relativo \u00e0 quest\u00e3o ambiental. Para ele, \u00e9 fundamental que o pa\u00eds avance na transi\u00e7\u00e3o para uma economia mais sustent\u00e1vel do ponto de vista ecol\u00f3gico.<\/p>\n<p>Nesse sentido, Guedes destacou que a imagem do pa\u00eds tem mudado. A percep\u00e7\u00e3o do ministro tem, como base, conversas mantidas com autoridades estrangeiras. \u201c\u00c9ramos visto como problema [do ponto de vista] clim\u00e1tico para o mundo, percebidos como poluidores. Isso mudou\u201d, disse.<\/p>\n<p>Nessas conversas, Guedes tem reiterado a inten\u00e7\u00e3o brasileira de &#8220;taxar polui\u00e7\u00e3o, aplicando impostos para quem polui; de estimular inova\u00e7\u00f5es que usem tecnologias de despolui\u00e7\u00e3o; e de premia\u00e7\u00f5es, via remunera\u00e7\u00f5es \u00e0queles que preservam recursos ambientais\u201d.<\/p>\n<h2>Cr\u00e9dito de carbono<\/h2>\n<p>A preocupa\u00e7\u00e3o com a quest\u00e3o da sustentabilidade est\u00e1 cada vez mais presente tamb\u00e9m nos grandes grupos econ\u00f4micos e financeiros do exterior, conforme disse o presidente do Banco Central, Roberto Campos Neto, que tamb\u00e9m participou do Congresso Mercado Global de Carbono. Segundo ele, o Brasil tem muito a se beneficiar do mercado de cr\u00e9dito de carbono.<\/p>\n<p>Na avalia\u00e7\u00e3o de Campos Neto, \u201csustentabilidade, hoje, \u00e9 igual \u00e0 produtividade\u201d, disse pouco antes de classificar como \u201cengenhoso\u201d o mercado de cr\u00e9dito de carbono, por possibilitar, a cada pa\u00eds, internalizar os benef\u00edcios da redu\u00e7\u00e3o de suas pr\u00f3prias emiss\u00f5es de carbono.<\/p>\n<p>\u201cEscuto muitos falarem de imposto de carbono. Em alguns casos, acredito ser justific\u00e1vel achar que um governo que cobra imposto e faz aloca\u00e7\u00e3o l\u00f3gica faz um bem\u201d, disse. \u201cEm 2008 [durante a crise financeira internacional], esse mercado se retraiu na Europa. Mas hoje vemos uma situa\u00e7\u00e3o completamente diferente, ap\u00f3s termos tido diversos impactos clim\u00e1ticos\u201d.<\/p>\n<h2>Energia e agricultura limpas<\/h2>\n<p>O presidente do BC acrescentou que o Brasil tem se destacado por seu potencial de energia e agricultura limpas e, agora, pelos investimentos sustent\u00e1veis. \u201cEste \u00e9 um tema de fluxo de investimentos\u201d, resumiu ap\u00f3s lembrar que a nova divis\u00e3o geopol\u00edtica decorrente da guerra na Europa representa tamb\u00e9m uma oportunidade para o Brasil, \u201cna qual se procura pa\u00edses produtores de insumos, para se atingir o equil\u00edbrio\u201d<\/p>\n<p>Nesse processo visando o desenvolvimento do mercado de carbono, Campos Neto destacou a necessidade de se criar fundos de investimentos focados em pol\u00edticas de governan\u00e7a para a quest\u00e3o ambiental.<\/p>\n<h2>Congresso<\/h2>\n<p>O Congresso Mercado Global de Carbono \u2013 Descarboniza\u00e7\u00e3o &amp; Investimentos Verdes come\u00e7ou hoje e termina na sexta-feira (20).<\/p>\n<p>Ser\u00e3o 24 pain\u00e9is apresentados em quatro salas tem\u00e1ticas, al\u00e9m de sess\u00f5es plen\u00e1rias no in\u00edcio de cada um dos dias, totalizando mais de 100 palestrantes.<\/p>\n<p>Tamb\u00e9m ser\u00e3o apresentados 120\u00a0<em>cases<\/em>\u00a0de sucesso de empreendedores verdes em quatro miniaudit\u00f3rios.<\/p>\n<p>Fonte: Ag\u00eancia Brasil<\/p>\n","protected":false},"excerpt":{"rendered":"<p>Ser uma democracia ocidental estruturada em uma economia de mercado, e estar localizado pr\u00f3ximo aos mercados europeu e norte-americano, ajudar\u00e1 o Brasil a se beneficiar da busca cada vez maior de outros pa\u00edses por seguran\u00e7a energ\u00e9tica e alimentar. Mas para garantir essa posi\u00e7\u00e3o, \u00e9 fundamental que o pa\u00eds se destaque tamb\u00e9m como uma pot\u00eancia verde [&hellip;]<\/p>\n","protected":false},"author":246,"featured_media":199083,"comment_status":"closed","ping_status":"closed","sticky":false,"template":"","format":"standard","meta":{"footnotes":""},"categories":[436,261,439],"tags":[],"class_list":["post-199082","post","type-post","status-publish","format-standard","has-post-thumbnail","hentry","category-destaque-da-semana","category-economia","category-ultima-hora"],"_links":{"self":[{"href":"https:\/\/diarioregionaldigital.com.br\/index.php?rest_route=\/wp\/v2\/posts\/199082","targetHints":{"allow":["GET"]}}],"collection":[{"href":"https:\/\/diarioregionaldigital.com.br\/index.php?rest_route=\/wp\/v2\/posts"}],"about":[{"href":"https:\/\/diarioregionaldigital.com.br\/index.php?rest_route=\/wp\/v2\/types\/post"}],"author":[{"embeddable":true,"href":"https:\/\/diarioregionaldigital.com.br\/index.php?rest_route=\/wp\/v2\/users\/246"}],"replies":[{"embeddable":true,"href":"https:\/\/diarioregionaldigital.com.br\/index.php?rest_route=%2Fwp%2Fv2%2Fcomments&post=199082"}],"version-history":[{"count":2,"href":"https:\/\/diarioregionaldigital.com.br\/index.php?rest_route=\/wp\/v2\/posts\/199082\/revisions"}],"predecessor-version":[{"id":199085,"href":"https:\/\/diarioregionaldigital.com.br\/index.php?rest_route=\/wp\/v2\/posts\/199082\/revisions\/199085"}],"wp:featuredmedia":[{"embeddable":true,"href":"https:\/\/diarioregionaldigital.com.br\/index.php?rest_route=\/wp\/v2\/media\/199083"}],"wp:attachment":[{"href":"https:\/\/diarioregionaldigital.com.br\/index.php?rest_route=%2Fwp%2Fv2%2Fmedia&parent=199082"}],"wp:term":[{"taxonomy":"category","embeddable":true,"href":"https:\/\/diarioregionaldigital.com.br\/index.php?rest_route=%2Fwp%2Fv2%2Fcategories&post=199082"},{"taxonomy":"post_tag","embeddable":true,"href":"https:\/\/diarioregionaldigital.com.br\/index.php?rest_route=%2Fwp%2Fv2%2Ftags&post=199082"}],"curies":[{"name":"wp","href":"https:\/\/api.w.org\/{rel}","templated":true}]}}