{"id":199076,"date":"2022-05-18T17:22:10","date_gmt":"2022-05-18T20:22:10","guid":{"rendered":"https:\/\/diarioregionaldigital.com.br\/?p=199076"},"modified":"2022-05-18T17:22:10","modified_gmt":"2022-05-18T20:22:10","slug":"policia-militar-atende-vitimas-de-roubo-no-bairro-aeroporto","status":"publish","type":"post","link":"https:\/\/diarioregionaldigital.com.br\/?p=199076","title":{"rendered":"Pol\u00edcia Militar atende v\u00edtimas de roubo no bairro Aeroporto"},"content":{"rendered":"<p>No dia 17mai22 por volta das 18h26min a Pol\u00edcia Militar compareceu na Av Eug\u00eanio do Nascimento no bairro Aeroporto para atendimento a v\u00edtimas de uma loja de material de constru\u00e7\u00e3o (propriet\u00e1rio \u2013 53 anos e funcion\u00e1rios \u2013 31 e 60 anos). Segundo relato, dois suspeitos entraram no local, um deles armado com arma de fogo anunciou o roubo, subtraiu a quantia de R$ 700,00 em dinheiro, 01 aparelho celular e evadiram. V\u00edtimas orientadas quanto \u00e0s demais provid\u00eancias. A PM segue rastreamento.<\/p>\n","protected":false},"excerpt":{"rendered":"<p>No dia 17mai22 por volta das 18h26min a Pol\u00edcia Militar compareceu na Av Eug\u00eanio do Nascimento no bairro Aeroporto para atendimento a v\u00edtimas de uma loja de material de constru\u00e7\u00e3o (propriet\u00e1rio \u2013 53 anos e funcion\u00e1rios \u2013 31 e 60 anos). Segundo relato, dois suspeitos entraram no local, um deles armado com arma de fogo [&hellip;]<\/p>\n","protected":false},"author":246,"featured_media":199077,"comment_status":"closed","ping_status":"closed","sticky":false,"template":"","format":"standard","meta":{"footnotes":""},"categories":[301,436,439],"tags":[],"class_list":["post-199076","post","type-post","status-publish","format-standard","has-post-thumbnail","hentry","category-artigos-policiais","category-destaque-da-semana","category-ultima-hora"],"_links":{"self":[{"href":"https:\/\/diarioregionaldigital.com.br\/index.php?rest_route=\/wp\/v2\/posts\/199076","targetHints":{"allow":["GET"]}}],"collection":[{"href":"https:\/\/diarioregionaldigital.com.br\/index.php?rest_route=\/wp\/v2\/posts"}],"about":[{"href":"https:\/\/diarioregionaldigital.com.br\/index.php?rest_route=\/wp\/v2\/types\/post"}],"author":[{"embeddable":true,"href":"https:\/\/diarioregionaldigital.com.br\/index.php?rest_route=\/wp\/v2\/users\/246"}],"replies":[{"embeddable":true,"href":"https:\/\/diarioregionaldigital.com.br\/index.php?rest_route=%2Fwp%2Fv2%2Fcomments&post=199076"}],"version-history":[{"count":1,"href":"https:\/\/diarioregionaldigital.com.br\/index.php?rest_route=\/wp\/v2\/posts\/199076\/revisions"}],"predecessor-version":[{"id":199078,"href":"https:\/\/diarioregionaldigital.com.br\/index.php?rest_route=\/wp\/v2\/posts\/199076\/revisions\/199078"}],"wp:featuredmedia":[{"embeddable":true,"href":"https:\/\/diarioregionaldigital.com.br\/index.php?rest_route=\/wp\/v2\/media\/199077"}],"wp:attachment":[{"href":"https:\/\/diarioregionaldigital.com.br\/index.php?rest_route=%2Fwp%2Fv2%2Fmedia&parent=199076"}],"wp:term":[{"taxonomy":"category","embeddable":true,"href":"https:\/\/diarioregionaldigital.com.br\/index.php?rest_route=%2Fwp%2Fv2%2Fcategories&post=199076"},{"taxonomy":"post_tag","embeddable":true,"href":"https:\/\/diarioregionaldigital.com.br\/index.php?rest_route=%2Fwp%2Fv2%2Ftags&post=199076"}],"curies":[{"name":"wp","href":"https:\/\/api.w.org\/{rel}","templated":true}]}}