{"id":198619,"date":"2022-05-06T06:33:35","date_gmt":"2022-05-06T09:33:35","guid":{"rendered":"https:\/\/diarioregionaldigital.com.br\/?p=198619"},"modified":"2022-05-06T19:35:05","modified_gmt":"2022-05-06T22:35:05","slug":"tolerancia","status":"publish","type":"post","link":"https:\/\/diarioregionaldigital.com.br\/?p=198619","title":{"rendered":"Toler\u00e2ncia"},"content":{"rendered":"<p>Quando uma pessoa desclassifica outra em fun\u00e7\u00e3o de sua conduta ou mesmo de suas opini\u00f5es se coloca na posi\u00e7\u00e3o de Deus e isso \u00e9 muito grave.<\/p>\n<p>\u201cIrm\u00e3os, n\u00e3o faleis mal uns dos outros. Quem fala mal de um irm\u00e3o, e julga a seu irm\u00e3o, fala mal da lei, e julga a lei; e, se tu julgas a lei, j\u00e1 n\u00e3o \u00e9s observador da lei, mas juiz. H\u00e1 s\u00f3 um legislador que pode salvar e destruir. Tu, por\u00e9m, quem \u00e9s, que julgas a outro?\u201d (Tiago 4: 11, 12)<\/p>\n<p>Sabemos que somos diferentes e algumas vezes temos dificuldades para aceitar a outra pessoa como ela \u00e9. Neste caso, \u00e9 importante ter em mente que tolerar n\u00e3o significa concordar, por\u00e9m, implica em n\u00e3o deixar que as nossas diferen\u00e7as impe\u00e7am o exerc\u00edcio do amor sublime que Cristo nos ensinou. \u201cCom toda a humildade e mansid\u00e3o, com longanimidade, suportando-vos uns aos outros em amor\u201d (Ef\u00e9sios 4: 2).<\/p>\n<p>Jesus Cristo \u00e9 o s\u00edmbolo universal da toler\u00e2ncia. Reflita sobre esta passagem:<\/p>\n<p>\u201cE fez-lhe Levi um grande banquete em sua casa; e havia ali uma grande multid\u00e3o de publicanos e outros que estavam com eles \u00e0 mesa. E os escribas deles, e os fariseus, murmuravam contra os seus disc\u00edpulos, dizendo: Por que comeis e bebeis com publicanos e pecadores? E Jesus, respondendo, disse-lhes: N\u00e3o necessitam de m\u00e9dico os que est\u00e3o s\u00e3os, mas, sim, os que est\u00e3o enfermos; Eu n\u00e3o vim chamar os justos, mas, sim, os pecadores, ao arrependimento\u201d (Lucas 5: 29-32).<\/p>\n<p>Devemos aprender com Jesus Cristo que sendo ele perfeito, tolerava as pessoas consideradas mais imperfeitas para nelas inocular o amor que salva.<\/p>\n<p>\u201cV\u00f3s julgais segundo a carne; eu a ningu\u00e9m julgo. E, se na verdade julgo, o meu ju\u00edzo \u00e9 verdadeiro, porque n\u00e3o sou eu s\u00f3, mas eu e o Pai que me enviou\u201d (Jo\u00e3o 8: 15).<\/p>\n<p>Nessa passagem, Jesus est\u00e1 nos dizendo que mesmo tendo a investidura divina para julgar, n\u00e3o julgava; por\u00e9m n\u00f3s, seres humanos imperfeitos, julgamos uns aos outros. E o pior, fazemos isso da maneira mais vil que \u00e9 \u201csegundo a carne\u201d, ou seja, assumimos a posi\u00e7\u00e3o de juiz sendo que n\u00f3s mesmos somos objetos de ju\u00edzo.<\/p>\n<p>\u201cPortanto, voc\u00ea, que julga, os outros \u00e9 indesculp\u00e1vel; pois est\u00e1 condenando a si mesmo naquilo em que julga, visto que voc\u00ea, que julga, pratica as mesmas coisas. Sabemos que o ju\u00edzo de Deus contra os que praticam tais coisas \u00e9 conforme a verdade. Assim, quando voc\u00ea, um simples homem, os julga, mas pratica as mesmas coisas, pensa que escapar\u00e1 do ju\u00edzo de Deus?\u201d (Romanos 2: 1-3)<\/p>\n<p>Quando estiver prestes a pecar tomando o lugar de juiz, busque lembrar-se de que Deus tamb\u00e9m nos tolera e ainda vai al\u00e9m nos aben\u00e7oando mesmo sendo imperfeitos. Se n\u00f3s somos tolerados, porque n\u00e3o haver\u00edamos de tolerar no outro o comportamento ou a opini\u00e3o que nos desagrada?!<\/p>\n<p>\u201cO Senhor n\u00e3o demora em cumprir a sua promessa, como julgam alguns. Pelo contr\u00e1rio, ele \u00e9 paciente com voc\u00eas, n\u00e3o querendo que ningu\u00e9m pere\u00e7a, mas que todos cheguem ao arrependimento\u201d (2 Pedro 3: 9).<\/p>\n<p>E se voc\u00ea estiver convicto de que a sua posi\u00e7\u00e3o \u00e9 a verdadeira e que o seu semelhante precisa ser corrigido, n\u00e3o haja como o juiz implac\u00e1vel que condena, mas seja como aquele irm\u00e3o mais velho que ensina com paci\u00eancia e amor o ca\u00e7ula imaturo: \u201cAo servo do Senhor n\u00e3o conv\u00e9m brigar mas, sim, ser am\u00e1vel para com todos, apto para ensinar, paciente\u201d (2 Tim\u00f3teo 2: 24).<\/p>\n","protected":false},"excerpt":{"rendered":"<p>Quando uma pessoa desclassifica outra em fun\u00e7\u00e3o de sua conduta ou mesmo de suas opini\u00f5es se coloca na posi\u00e7\u00e3o de Deus e isso \u00e9 muito grave. \u201cIrm\u00e3os, n\u00e3o faleis mal uns dos outros. Quem fala mal de um irm\u00e3o, e julga a seu irm\u00e3o, fala mal da lei, e julga a lei; e, se tu [&hellip;]<\/p>\n","protected":false},"author":96,"featured_media":0,"comment_status":"closed","ping_status":"closed","sticky":false,"template":"","format":"standard","meta":{"footnotes":""},"categories":[1244],"tags":[],"class_list":["post-198619","post","type-post","status-publish","format-standard","hentry","category-oleg-abramov"],"_links":{"self":[{"href":"https:\/\/diarioregionaldigital.com.br\/index.php?rest_route=\/wp\/v2\/posts\/198619","targetHints":{"allow":["GET"]}}],"collection":[{"href":"https:\/\/diarioregionaldigital.com.br\/index.php?rest_route=\/wp\/v2\/posts"}],"about":[{"href":"https:\/\/diarioregionaldigital.com.br\/index.php?rest_route=\/wp\/v2\/types\/post"}],"author":[{"embeddable":true,"href":"https:\/\/diarioregionaldigital.com.br\/index.php?rest_route=\/wp\/v2\/users\/96"}],"replies":[{"embeddable":true,"href":"https:\/\/diarioregionaldigital.com.br\/index.php?rest_route=%2Fwp%2Fv2%2Fcomments&post=198619"}],"version-history":[{"count":1,"href":"https:\/\/diarioregionaldigital.com.br\/index.php?rest_route=\/wp\/v2\/posts\/198619\/revisions"}],"predecessor-version":[{"id":198620,"href":"https:\/\/diarioregionaldigital.com.br\/index.php?rest_route=\/wp\/v2\/posts\/198619\/revisions\/198620"}],"wp:attachment":[{"href":"https:\/\/diarioregionaldigital.com.br\/index.php?rest_route=%2Fwp%2Fv2%2Fmedia&parent=198619"}],"wp:term":[{"taxonomy":"category","embeddable":true,"href":"https:\/\/diarioregionaldigital.com.br\/index.php?rest_route=%2Fwp%2Fv2%2Fcategories&post=198619"},{"taxonomy":"post_tag","embeddable":true,"href":"https:\/\/diarioregionaldigital.com.br\/index.php?rest_route=%2Fwp%2Fv2%2Ftags&post=198619"}],"curies":[{"name":"wp","href":"https:\/\/api.w.org\/{rel}","templated":true}]}}