{"id":198612,"date":"2022-05-06T14:26:59","date_gmt":"2022-05-06T17:26:59","guid":{"rendered":"https:\/\/diarioregionaldigital.com.br\/?p=198612"},"modified":"2022-05-06T14:26:59","modified_gmt":"2022-05-06T17:26:59","slug":"evento-reune-atores-do-ecossistema-de-inovacao-tecnologia-e-empreendedorismo-de-juiz-de-fora-e-regiao","status":"publish","type":"post","link":"https:\/\/diarioregionaldigital.com.br\/?p=198612","title":{"rendered":"Evento re\u00fane atores do ecossistema de inova\u00e7\u00e3o, tecnologia e empreendedorismo de Juiz de Fora e regi\u00e3o"},"content":{"rendered":"<p>Segundo informa\u00e7\u00f5es do site da Prefeitura de Juiz de Fora, com o objetivo de criar sinergia entre diferentes atores do ecossistema de inova\u00e7\u00e3o, tecnologia e empreendedorismo da cidade e regi\u00e3o, a Universidade Federal de Juiz de Fora (UFJF) apresentou, nessa quinta-feira, 5, \u00e1reas de a\u00e7\u00e3o estrat\u00e9gica do Parque Cient\u00edfico e Tecnol\u00f3gico de Juiz de Fora (Partec). O evento, realizado no Centro de Ci\u00eancias da UFJF, contou com a presen\u00e7a da prefeita de Juiz de Fora, Margarida Salom\u00e3o, do secret\u00e1rio de Desenvolvimento, Ignacio Delgado, e do reitor da Universidade, Marcus David.<\/p>\n<p>Durante o evento, a Funda\u00e7\u00e3o Certi apresentou o plano de neg\u00f3cios do Partec, incluindo estrutura e opera\u00e7\u00f5es. A estrat\u00e9gia de implanta\u00e7\u00e3o do parque tecnol\u00f3gico ser\u00e1 dividida em tr\u00eas fases, em curto, m\u00e9dio e longo prazos. A primeira etapa, j\u00e1 em andamento, envolve as a\u00e7\u00f5es j\u00e1 desenvolvidas no Centro Regional de Inova\u00e7\u00e3o e Transfer\u00eancia de Tecnologia (Critt) e a opera\u00e7\u00e3o na nova edifica\u00e7\u00e3o no campus.<\/p>\n<p>A prefeita Margarida Salom\u00e3o lembrou da instala\u00e7\u00e3o do CRITT, h\u00e1 27 anos, na UFJF. &#8220;Pens\u00e1vamos em um modelo de parque de primeira gera\u00e7\u00e3o, rompendo os limites da Universidade, em um tempo pouco favor\u00e1vel para abra\u00e7ar o projeto como agenda acad\u00eamica. Evolu\u00edmos e, hoje, n\u00e3o podemos imaginar o futuro sem a economia do conhecimento. O Partec ser\u00e1 uma forma de alavancar o desenvolvimento de Juiz de Fora de maneira consistente&#8221;, destacou.<\/p>\n<p>As pr\u00f3ximas etapas incluir\u00e3o a opera\u00e7\u00e3o do Centro Integrado de Ensino, Pesquisa, Extens\u00e3o, Tecnologia e Cultura (Ciepetec), no Distrito Industrial, e uma nova centralidade urbana na Br-040, seguindo modelos de parques tecnol\u00f3gicos de terceira gera\u00e7\u00e3o, com a atra\u00e7\u00e3o e instala\u00e7\u00e3o de empresas inovadoras.<\/p>\n<p>O reitor Marcus David considera o momento oportuno para o projeto. &#8220;Precisamos da aproxima\u00e7\u00e3o do setor de ci\u00eancias e tecnologia com o poder p\u00fablico e com o setor produtivo. Essa \u00e9 a base fundamental para que projetos dessa dimens\u00e3o tenham sucesso. Esse \u00e9 um bom momento para avan\u00e7armos nessa dire\u00e7\u00e3o, contando com a sensibilidade do poder p\u00fablico e com o interesse do setor privado.<\/p>\n<p>O secret\u00e1rio de Desenvolvimento Sustent\u00e1vel e Inclusivo, da Inova\u00e7\u00e3o e Competitividade (Sedic), Ignacio Delgado, destacou a sinergia do projeto com o Plano de Desenvolvimento Sustent\u00e1vel e Inclusivo (PDSI) de Juiz de Fora, lan\u00e7ado em junho de 2021. Ignacio apresentou as miss\u00f5es previstas no plano, que devem envolver toda a sociedade: Juiz de Fora Polo Nacional em Sa\u00fade; Energias Renov\u00e1veis; Reinser\u00e7\u00e3o competitiva de setores tradicionais, como t\u00eaxtil confeccionista e de alimentos; Polo Nacional em Economia Solid\u00e1ria; e Polo Internacional em Economia Criativa. &#8220;Temos um potencial enorme e precisamos trabalhar juntos. S\u00f3 assim, mudaremos o rumo da cidade. O Partec \u00e9, naturalmente, chave no processo de mudan\u00e7a&#8221;, destacou Ignacio.<\/p>\n<p>&nbsp;<\/p>\n<p><strong>1\u00b0 F\u00f3rum Pr\u00f3ximo Futuro de Juiz de Fora<\/strong><\/p>\n<p>&nbsp;<\/p>\n<p>O presidente do Instituto F\u00e1brica do Futuro, C\u00e9sar Piva, apresentou a proposta do 1\u00b0 F\u00f3rum Pr\u00f3ximo Futuro de Juiz de Fora, que acontecer\u00e1 em julho de 2022. O evento, que contribuir\u00e1 diretamente com a miss\u00e3o do PDSI de fazer de Juiz de Fora um Polo Internacional em Economia Criativa, encontra-se em fase preparat\u00f3ria, com a realiza\u00e7\u00e3o de encontros setoriais semanais na cidade.<\/p>\n","protected":false},"excerpt":{"rendered":"<p>Segundo informa\u00e7\u00f5es do site da Prefeitura de Juiz de Fora, com o objetivo de criar sinergia entre diferentes atores do ecossistema de inova\u00e7\u00e3o, tecnologia e empreendedorismo da cidade e regi\u00e3o, a Universidade Federal de Juiz de Fora (UFJF) apresentou, nessa quinta-feira, 5, \u00e1reas de a\u00e7\u00e3o estrat\u00e9gica do Parque Cient\u00edfico e Tecnol\u00f3gico de Juiz de Fora [&hellip;]<\/p>\n","protected":false},"author":246,"featured_media":198613,"comment_status":"closed","ping_status":"closed","sticky":false,"template":"","format":"standard","meta":{"footnotes":""},"categories":[253,436,439],"tags":[],"class_list":["post-198612","post","type-post","status-publish","format-standard","has-post-thumbnail","hentry","category-cidade","category-destaque-da-semana","category-ultima-hora"],"_links":{"self":[{"href":"https:\/\/diarioregionaldigital.com.br\/index.php?rest_route=\/wp\/v2\/posts\/198612","targetHints":{"allow":["GET"]}}],"collection":[{"href":"https:\/\/diarioregionaldigital.com.br\/index.php?rest_route=\/wp\/v2\/posts"}],"about":[{"href":"https:\/\/diarioregionaldigital.com.br\/index.php?rest_route=\/wp\/v2\/types\/post"}],"author":[{"embeddable":true,"href":"https:\/\/diarioregionaldigital.com.br\/index.php?rest_route=\/wp\/v2\/users\/246"}],"replies":[{"embeddable":true,"href":"https:\/\/diarioregionaldigital.com.br\/index.php?rest_route=%2Fwp%2Fv2%2Fcomments&post=198612"}],"version-history":[{"count":2,"href":"https:\/\/diarioregionaldigital.com.br\/index.php?rest_route=\/wp\/v2\/posts\/198612\/revisions"}],"predecessor-version":[{"id":198615,"href":"https:\/\/diarioregionaldigital.com.br\/index.php?rest_route=\/wp\/v2\/posts\/198612\/revisions\/198615"}],"wp:featuredmedia":[{"embeddable":true,"href":"https:\/\/diarioregionaldigital.com.br\/index.php?rest_route=\/wp\/v2\/media\/198613"}],"wp:attachment":[{"href":"https:\/\/diarioregionaldigital.com.br\/index.php?rest_route=%2Fwp%2Fv2%2Fmedia&parent=198612"}],"wp:term":[{"taxonomy":"category","embeddable":true,"href":"https:\/\/diarioregionaldigital.com.br\/index.php?rest_route=%2Fwp%2Fv2%2Fcategories&post=198612"},{"taxonomy":"post_tag","embeddable":true,"href":"https:\/\/diarioregionaldigital.com.br\/index.php?rest_route=%2Fwp%2Fv2%2Ftags&post=198612"}],"curies":[{"name":"wp","href":"https:\/\/api.w.org\/{rel}","templated":true}]}}