{"id":198609,"date":"2022-05-06T14:24:00","date_gmt":"2022-05-06T17:24:00","guid":{"rendered":"https:\/\/diarioregionaldigital.com.br\/?p=198609"},"modified":"2022-05-06T14:24:00","modified_gmt":"2022-05-06T17:24:00","slug":"sedh-realiza-acao-tematica-do-maio-amarelo-no-estacionamento-da-pjf","status":"publish","type":"post","link":"https:\/\/diarioregionaldigital.com.br\/?p=198609","title":{"rendered":"SEDH realiza a\u00e7\u00e3o tem\u00e1tica do \u201cMaio Amarelo\u201d no estacionamento da PJF"},"content":{"rendered":"<p>Segundo informa\u00e7\u00f5es do site da Prefeitura de Juiz de Fora, aconteceu nesta sexta-feira, 6, no estacionamento da Prefeitura de Juiz de Fora (PJF), a a\u00e7\u00e3o \u201cPARE! Pela Vida\u201d, realizada pela Secretaria Especial de Direitos Humanos (SEDH). Al\u00e9m de abordagens educativas para os servidores e servidoras motoristas da PJF, foram colocados em cada ve\u00edculo uma bola amarela e um panfleto, alertando sobre o alto \u00edndice de mortes e feridos no tr\u00e2nsito em todo o mundo. A iniciativa faz parte das a\u00e7\u00f5es da PJF para celebrar o \u201cMaio Amarelo\u201d na cidade, que tiveram<strong>\u00a0<\/strong><a href=\"https:\/\/www.pjf.mg.gov.br\/noticias\/view.php?modo=link2&amp;idnoticia2=75027\"><strong>in\u00edcio nesta semana<\/strong><\/a>.<\/p>\n<p>Segundo a coordenadora de pol\u00edticas para pessoas com defici\u00eancia da SEDH, Rita Petronilho, \u201cmuitos se tornam pessoas com defici\u00eancia por causa de acidentes nas ruas e estradas, que frequentemente se tornam ambientes de risco para as crian\u00e7as e idosos. A a\u00e7\u00e3o de hoje com as bolas amarelas pretendeu chamar aten\u00e7\u00e3o para os perigos do tr\u00e2nsito, que \u00e9, ao mesmo tempo, uma quest\u00e3o social e tamb\u00e9m de sa\u00fade p\u00fablica\u201d.<\/p>\n<p>Dados do Observat\u00f3rio Nacional de Seguran\u00e7a Vi\u00e1ria mostram que 15% dos mortos em acidentes de tr\u00e2nsito s\u00e3o idosos, com dificuldade de recupera\u00e7\u00e3o em casos de les\u00f5es graves. Al\u00e9m disso, em 2021, mais de seis mil crian\u00e7as e adolescentes foram hospitalizadas em estado grave devido a atropelamentos no pa\u00eds. Destes casos, 500 faleceram no local do acidente.<br \/>\n<strong>\u201cMaio Amarelo\u201d<\/strong><\/p>\n<p>A escolha do m\u00eas de maio foi motivada por uma proposta da Organiza\u00e7\u00e3o das Na\u00e7\u00f5es Unidas (ONU), ao decretar, em 11 de maio de 2011, a D\u00e9cada de A\u00e7\u00e3o para Seguran\u00e7a no Tr\u00e2nsito. Com isso, o balan\u00e7o das a\u00e7\u00f5es no setor passou a ser sempre realizado em maio, no mundo todo. A cor amarela foi escolhida por ser a cor da advert\u00eancia no tr\u00e2nsito.<\/p>\n<p>Por\u00e9m, o movimento \u201cMaio Amarelo\u201d surgiu apenas em 2014. Ele tem como objetivo fomentar uma a\u00e7\u00e3o coordenada entre poder p\u00fablico, iniciativa privada e sociedade civil para discutir a quest\u00e3o da seguran\u00e7a vi\u00e1ria, promovendo a redu\u00e7\u00e3o dos acidentes e mortes no tr\u00e2nsito.<\/p>\n","protected":false},"excerpt":{"rendered":"<p>Segundo informa\u00e7\u00f5es do site da Prefeitura de Juiz de Fora, aconteceu nesta sexta-feira, 6, no estacionamento da Prefeitura de Juiz de Fora (PJF), a a\u00e7\u00e3o \u201cPARE! Pela Vida\u201d, realizada pela Secretaria Especial de Direitos Humanos (SEDH). Al\u00e9m de abordagens educativas para os servidores e servidoras motoristas da PJF, foram colocados em cada ve\u00edculo uma bola [&hellip;]<\/p>\n","protected":false},"author":246,"featured_media":198610,"comment_status":"closed","ping_status":"closed","sticky":false,"template":"","format":"standard","meta":{"footnotes":""},"categories":[253,436,439],"tags":[],"class_list":["post-198609","post","type-post","status-publish","format-standard","has-post-thumbnail","hentry","category-cidade","category-destaque-da-semana","category-ultima-hora"],"_links":{"self":[{"href":"https:\/\/diarioregionaldigital.com.br\/index.php?rest_route=\/wp\/v2\/posts\/198609","targetHints":{"allow":["GET"]}}],"collection":[{"href":"https:\/\/diarioregionaldigital.com.br\/index.php?rest_route=\/wp\/v2\/posts"}],"about":[{"href":"https:\/\/diarioregionaldigital.com.br\/index.php?rest_route=\/wp\/v2\/types\/post"}],"author":[{"embeddable":true,"href":"https:\/\/diarioregionaldigital.com.br\/index.php?rest_route=\/wp\/v2\/users\/246"}],"replies":[{"embeddable":true,"href":"https:\/\/diarioregionaldigital.com.br\/index.php?rest_route=%2Fwp%2Fv2%2Fcomments&post=198609"}],"version-history":[{"count":1,"href":"https:\/\/diarioregionaldigital.com.br\/index.php?rest_route=\/wp\/v2\/posts\/198609\/revisions"}],"predecessor-version":[{"id":198611,"href":"https:\/\/diarioregionaldigital.com.br\/index.php?rest_route=\/wp\/v2\/posts\/198609\/revisions\/198611"}],"wp:featuredmedia":[{"embeddable":true,"href":"https:\/\/diarioregionaldigital.com.br\/index.php?rest_route=\/wp\/v2\/media\/198610"}],"wp:attachment":[{"href":"https:\/\/diarioregionaldigital.com.br\/index.php?rest_route=%2Fwp%2Fv2%2Fmedia&parent=198609"}],"wp:term":[{"taxonomy":"category","embeddable":true,"href":"https:\/\/diarioregionaldigital.com.br\/index.php?rest_route=%2Fwp%2Fv2%2Fcategories&post=198609"},{"taxonomy":"post_tag","embeddable":true,"href":"https:\/\/diarioregionaldigital.com.br\/index.php?rest_route=%2Fwp%2Fv2%2Ftags&post=198609"}],"curies":[{"name":"wp","href":"https:\/\/api.w.org\/{rel}","templated":true}]}}