{"id":198598,"date":"2022-05-06T14:14:47","date_gmt":"2022-05-06T17:14:47","guid":{"rendered":"https:\/\/diarioregionaldigital.com.br\/?p=198598"},"modified":"2022-05-06T14:14:47","modified_gmt":"2022-05-06T17:14:47","slug":"convocadas-as-selecoes-de-saltos-ornamentais-para-mundial-e-jogos-sul-americanos","status":"publish","type":"post","link":"https:\/\/diarioregionaldigital.com.br\/?p=198598","title":{"rendered":"Convocadas as sele\u00e7\u00f5es de saltos ornamentais para Mundial e Jogos Sul-Americanos"},"content":{"rendered":"<p>A Confedera\u00e7\u00e3o Brasileira de Desportos Aqu\u00e1ticos e a Confedera\u00e7\u00e3o Brasileira de Saltos Ornamentais convocaram oficialmente os atletas que representar\u00e3o o pa\u00eds no Mundial de Desportos Aqu\u00e1ticos de Budapeste e nos Jogos Sul-Americanos, que ser\u00e3o disputados no Paraguai.<\/p>\n<p>A equipe no Mundial ter\u00e1 sete nomes. Entre eles, Kawan Pereira, finalista ol\u00edmpico em T\u00f3quio e campe\u00e3o mundial j\u00fanior em 2021, Isaac Souza, Luana Lira e Ingrid Oliveira, atletas ol\u00edmpicos em T\u00f3quio, al\u00e9m de nomes da nova gera\u00e7\u00e3o, como Anna Lucia Santos, Rafael Foga\u00e7a e Rafael Borges.<\/p>\n<p>Para os Jogos Sul-Americanos, a equipe ganha o refor\u00e7o de Andressa Bonfim. A competi\u00e7\u00e3o ser\u00e1 realizada em Assun\u00e7\u00e3o, no Paraguai, entre 1 e 4 de outubro.<\/p>\n<p>\u201cO surgimento desta garotada \u00e9 resultado de um trabalho que come\u00e7ou l\u00e1 em 2014, com a cria\u00e7\u00e3o do Centro de Excel\u00eancia em Bras\u00edlia. Primeiro surgiu o Kawan, agora temos outros atletas como Rafael Foga\u00e7a e Rafael Borges, que s\u00e3o juvenis, mas est\u00e3o qualificados para o Mundial. Estamos felizes com a chegada desses atletas\u201d, disse Ricardo Moreira, diretor de saltos ornamentais da CBDA e presidente da Saltos Brasil.<\/p>\n<p>\u201cDos sete classificados para o Mundial, cinco v\u00eam do projeto do Centro de Excel\u00eancia e dois fazem parte do Instituto Pr\u00f3-Brasil, incentivado pela Secretaria Especial do Esporte do Minist\u00e9rio da Cidadania. \u00c9 importante a gente ressaltar o papel do Governo Federal na forma\u00e7\u00e3o de atletas dos saltos ornamentais do pa\u00eds\u201d, completou o dirigente.<\/p>\n<p>CONVOCADOS<\/p>\n<p>Mundial<br \/>\nAnna L\u00facia Rodrigues Martins dos Santos<br \/>\nIngrid de Oliveira<br \/>\nLuana Wanderley Moreira Lira<br \/>\nIsaac Nascimento de Souza Filho<br \/>\nKawan Figueredo Pereira<br \/>\nRafael Foga\u00e7a de Ara\u00fajo<br \/>\nRafael Rodrigues Borges<\/p>\n<p>Jogos Sul-Americanos<br \/>\nAndressa Bonfim de Lima Mendes<br \/>\nAnna L\u00facia Rodrigues Martins dos Santos<br \/>\nIngrid de Oliveira<br \/>\nLuana Wanderley Moreira Lira<br \/>\nIsaac Nascimento de Souza Filho<br \/>\nKawan Figueredo Pereira<br \/>\nRafael Foga\u00e7a de Ara\u00fajo<br \/>\nRafael Rodrigues Borges<\/p>\n<p>Fonte: Confedera\u00e7\u00e3o Brasileira de Desportos Aqu\u00e1ticos (CBDA)<\/p>\n","protected":false},"excerpt":{"rendered":"<p>A Confedera\u00e7\u00e3o Brasileira de Desportos Aqu\u00e1ticos e a Confedera\u00e7\u00e3o Brasileira de Saltos Ornamentais convocaram oficialmente os atletas que representar\u00e3o o pa\u00eds no Mundial de Desportos Aqu\u00e1ticos de Budapeste e nos Jogos Sul-Americanos, que ser\u00e3o disputados no Paraguai. A equipe no Mundial ter\u00e1 sete nomes. Entre eles, Kawan Pereira, finalista ol\u00edmpico em T\u00f3quio e campe\u00e3o mundial [&hellip;]<\/p>\n","protected":false},"author":246,"featured_media":198599,"comment_status":"closed","ping_status":"closed","sticky":false,"template":"","format":"standard","meta":{"footnotes":""},"categories":[436,257,439],"tags":[],"class_list":["post-198598","post","type-post","status-publish","format-standard","has-post-thumbnail","hentry","category-destaque-da-semana","category-esporte","category-ultima-hora"],"_links":{"self":[{"href":"https:\/\/diarioregionaldigital.com.br\/index.php?rest_route=\/wp\/v2\/posts\/198598","targetHints":{"allow":["GET"]}}],"collection":[{"href":"https:\/\/diarioregionaldigital.com.br\/index.php?rest_route=\/wp\/v2\/posts"}],"about":[{"href":"https:\/\/diarioregionaldigital.com.br\/index.php?rest_route=\/wp\/v2\/types\/post"}],"author":[{"embeddable":true,"href":"https:\/\/diarioregionaldigital.com.br\/index.php?rest_route=\/wp\/v2\/users\/246"}],"replies":[{"embeddable":true,"href":"https:\/\/diarioregionaldigital.com.br\/index.php?rest_route=%2Fwp%2Fv2%2Fcomments&post=198598"}],"version-history":[{"count":2,"href":"https:\/\/diarioregionaldigital.com.br\/index.php?rest_route=\/wp\/v2\/posts\/198598\/revisions"}],"predecessor-version":[{"id":198601,"href":"https:\/\/diarioregionaldigital.com.br\/index.php?rest_route=\/wp\/v2\/posts\/198598\/revisions\/198601"}],"wp:featuredmedia":[{"embeddable":true,"href":"https:\/\/diarioregionaldigital.com.br\/index.php?rest_route=\/wp\/v2\/media\/198599"}],"wp:attachment":[{"href":"https:\/\/diarioregionaldigital.com.br\/index.php?rest_route=%2Fwp%2Fv2%2Fmedia&parent=198598"}],"wp:term":[{"taxonomy":"category","embeddable":true,"href":"https:\/\/diarioregionaldigital.com.br\/index.php?rest_route=%2Fwp%2Fv2%2Fcategories&post=198598"},{"taxonomy":"post_tag","embeddable":true,"href":"https:\/\/diarioregionaldigital.com.br\/index.php?rest_route=%2Fwp%2Fv2%2Ftags&post=198598"}],"curies":[{"name":"wp","href":"https:\/\/api.w.org\/{rel}","templated":true}]}}