{"id":198595,"date":"2022-05-06T14:12:36","date_gmt":"2022-05-06T17:12:36","guid":{"rendered":"https:\/\/diarioregionaldigital.com.br\/?p=198595"},"modified":"2022-05-06T14:12:36","modified_gmt":"2022-05-06T17:12:36","slug":"com-melhor-campanha-da-historia-brasil-e-campeao-geral-do-pan-de-taekwondo","status":"publish","type":"post","link":"https:\/\/diarioregionaldigital.com.br\/?p=198595","title":{"rendered":"Com melhor campanha da hist\u00f3ria, Brasil \u00e9 campe\u00e3o geral do Pan de taekwondo"},"content":{"rendered":"<p>O Brasil \u00e9 o campe\u00e3o geral do Campeonato Pan-Americano de Taekwondo. A sele\u00e7\u00e3o conquistou, ao todo, 13 medalhas na competi\u00e7\u00e3o finalizada nesta quarta-feira (4.05) em Punta Cana, na Rep\u00fablica Dominicana. \u00c9 a melhor campanha do Brasil na hist\u00f3ria da competi\u00e7\u00e3o.\u00a0Foram seis medalhas de ouro, tr\u00eas de prata e quatro de bronze conquistadas pelos brasileiros. Clayton dos Santos foi eleito melhor t\u00e9cnico.<\/p>\n<p>Campe\u00e3 do Porto Rico Open e do Rio Open, al\u00e9m de representante do Brasil nos Jogos Ol\u00edmpicos de T\u00f3quio, Milena Titoneli, da categoria -67 kg, mostrou que segue em \u00f3tima fase. Ela estreou com vit\u00f3ria sobre a argentina Victoria Rivas. superou a americana Alena Viana na semifinal j\u00e1 nos dois primeiros rounds, evitando o terceiro, de acordo com a nova regra. Na disputa decisiva, foi superior \u00e0 mexicana Leslie Soltero e conquistou o ouro.<\/p>\n<p>Tamb\u00e9m campe\u00e3o do Rio Open, Edival \u201cNetinho\u201d Marques, que luta na categoria at\u00e9 74 kg, passou pelo colombiano Juan Sebastian Valencia na primeira luta. Na semifinal, fez valer seu ritmo e garantiu a vit\u00f3ria j\u00e1 nos dois primeiros rounds para assegurar um lugar na luta decisiva. Na final, venceu Rene Lizarraga, do M\u00e9xico, e levou o ouro e 40 pontos no ranking Mundial e Ol\u00edmpico.<\/p>\n<p>N\u00famero 1 do mundo na categoria -87 kg, Icaro Miguel tamb\u00e9m n\u00e3o deu brechas para os advers\u00e1rios. Passou pelo porto-riquenho Jahn Estrada j\u00e1 nos dois primeiros rounds. Na sequ\u00eancia, enfrentou e venceu o americano Michael Rodriguez e, na luta decisiva, contra o mexicano Bryan Salazar, Icaro venceu o primeiro round, acabou superado no segundo, mas foi melhor no terceiro e segue como campe\u00e3o pan-americano.<\/p>\n<p>Paulo Melo, -54 kg, passou pela sua primeira luta com tranquilidade. Venceu o dominicano Cristofer Reyes nos dois primeiros rounds e evitou o \u00faltimo round. Na semifinal, se imp\u00f4s e encerrou o combate contra o canadense Nicholas Hoefling no segundo round. Na final, o roteiro se repetiu. Paulo n\u00e3o deu chances a Andr\u00e9s Moreno, da Col\u00f4mbia, e conquistou o ouro para o Brasil.<\/p>\n<p>Campe\u00e3o e eleito melhor atleta do Rio Open na categoria -63 kg, Gabriel Fabre passou a primeira luta com tranquilidade sobre atleta de Porto Rico. Na sequ\u00eancia, venceu o mexicano Carlos Navarro nos dois primeiros rounds e garantiu um lugar na final. Na luta decisiva, superou o argentino Lucas Guzman nos dois primeiros rounds e conquistou o ouro.<\/p>\n<p>Caroline Gomes, at\u00e9 62 kg, estreou com vit\u00f3ria sobre a venezuelana Alexmar Sulbaram. Depois, venceu Faith Dilon, dos Estados Unidos, e garantiu um lugar na final do Campeonato Pan-Americano. Na luta pelo t\u00edtulo, contra a colombiana Katherine Dumar, soube controlar a luta, vencer e conquistar mais um ouro para o Brasil.<\/p>\n<p>Sandy Macedo come\u00e7ou sua campanha no Pan-Americano com vit\u00f3ria sobre a colombiana Daniela Munoz. Na semifinal, se imp\u00f4s e garantiu um lugar na final ao vencer a chilena Fernanda Aguirre. Na disputa decisiva, foi superada pela canadense Skylar Park e ficou com a prata.<\/p>\n<p>Depois de conquistar o ouro nos Jogos Sul-Americanos da Juventude em Ros\u00e1rio, Henrique Marques, at\u00e9 80 kg, estreou no Pan-Americano vencendo Jose Benites, do Equador. Na sequ\u00eancia, enfrentou e venceu o campe\u00e3o dos Jogos Pan-Americanos Miguel Trejos, da Col\u00f4mbia. Na semifinal, acabou superado pelo americano Carl Nickolas e garantiu o bronze.<\/p>\n<p>Talisca Reis, at\u00e9 53 kg, iniciou o Pan-Americano com propriedade. A atleta brasileira superou a colombiana Lucero Gomez. Na semifinal, Talisca acabou superada pela americana Makayla Greenwood e conquistou a medalha de bronze. O dia tamb\u00e9m teve o atleta Gabriel Santos, at\u00e9 68 kg, que foi derrotado nas oitavas de final.<\/p>\n<p>Fonte: Confedera\u00e7\u00e3o Brasileira de Taekwondo<\/p>\n","protected":false},"excerpt":{"rendered":"<p>O Brasil \u00e9 o campe\u00e3o geral do Campeonato Pan-Americano de Taekwondo. A sele\u00e7\u00e3o conquistou, ao todo, 13 medalhas na competi\u00e7\u00e3o finalizada nesta quarta-feira (4.05) em Punta Cana, na Rep\u00fablica Dominicana. \u00c9 a melhor campanha do Brasil na hist\u00f3ria da competi\u00e7\u00e3o.\u00a0Foram seis medalhas de ouro, tr\u00eas de prata e quatro de bronze conquistadas pelos brasileiros. Clayton [&hellip;]<\/p>\n","protected":false},"author":246,"featured_media":198596,"comment_status":"closed","ping_status":"closed","sticky":false,"template":"","format":"standard","meta":{"footnotes":""},"categories":[436,257,439],"tags":[],"class_list":["post-198595","post","type-post","status-publish","format-standard","has-post-thumbnail","hentry","category-destaque-da-semana","category-esporte","category-ultima-hora"],"_links":{"self":[{"href":"https:\/\/diarioregionaldigital.com.br\/index.php?rest_route=\/wp\/v2\/posts\/198595","targetHints":{"allow":["GET"]}}],"collection":[{"href":"https:\/\/diarioregionaldigital.com.br\/index.php?rest_route=\/wp\/v2\/posts"}],"about":[{"href":"https:\/\/diarioregionaldigital.com.br\/index.php?rest_route=\/wp\/v2\/types\/post"}],"author":[{"embeddable":true,"href":"https:\/\/diarioregionaldigital.com.br\/index.php?rest_route=\/wp\/v2\/users\/246"}],"replies":[{"embeddable":true,"href":"https:\/\/diarioregionaldigital.com.br\/index.php?rest_route=%2Fwp%2Fv2%2Fcomments&post=198595"}],"version-history":[{"count":1,"href":"https:\/\/diarioregionaldigital.com.br\/index.php?rest_route=\/wp\/v2\/posts\/198595\/revisions"}],"predecessor-version":[{"id":198597,"href":"https:\/\/diarioregionaldigital.com.br\/index.php?rest_route=\/wp\/v2\/posts\/198595\/revisions\/198597"}],"wp:featuredmedia":[{"embeddable":true,"href":"https:\/\/diarioregionaldigital.com.br\/index.php?rest_route=\/wp\/v2\/media\/198596"}],"wp:attachment":[{"href":"https:\/\/diarioregionaldigital.com.br\/index.php?rest_route=%2Fwp%2Fv2%2Fmedia&parent=198595"}],"wp:term":[{"taxonomy":"category","embeddable":true,"href":"https:\/\/diarioregionaldigital.com.br\/index.php?rest_route=%2Fwp%2Fv2%2Fcategories&post=198595"},{"taxonomy":"post_tag","embeddable":true,"href":"https:\/\/diarioregionaldigital.com.br\/index.php?rest_route=%2Fwp%2Fv2%2Ftags&post=198595"}],"curies":[{"name":"wp","href":"https:\/\/api.w.org\/{rel}","templated":true}]}}