{"id":198592,"date":"2022-05-06T14:10:38","date_gmt":"2022-05-06T17:10:38","guid":{"rendered":"https:\/\/diarioregionaldigital.com.br\/?p=198592"},"modified":"2022-05-06T14:10:38","modified_gmt":"2022-05-06T17:10:38","slug":"vanessa-dos-santos-brilha-e-garante-o-ouro-no-salto-em-distancia-nos-jogos-sul-americanos-de-rosario","status":"publish","type":"post","link":"https:\/\/diarioregionaldigital.com.br\/?p=198592","title":{"rendered":"Vanessa dos Santos brilha e garante o ouro no salto em dist\u00e2ncia nos Jogos Sul-Americanos de Ros\u00e1rio"},"content":{"rendered":"<p>A paulista Vanessa Sena dos Santos, de 16 anos, confirmou o favoritismo e venceu o salto em dist\u00e2ncia, com 6,23m, nos Jogos Sul-Americanos da Juventude de Ros\u00e1rio, Argentina. O torneio de atletismo, que come\u00e7ou nesta quinta-feira (05.05), prossegue at\u00e9 domingo (08.05), no Est\u00e1dio Municipal Jorge Newbery. No primeiro dia de provas, o Brasil ainda conquistou a prata no lan\u00e7amento do dardo com Arthur Curvo e o bronze no salto em dist\u00e2ncia com Davi Santos.<\/p>\n<p>Os Jogos Sul-Americanos s\u00e3o a primeira competi\u00e7\u00e3o internacional de Vanessa neste ano. Ela est\u00e1 convocada para representar o Brasil na Gymnas\u00edade \u2013 o Mundial Escolar \u2013 em maio, na Fran\u00e7a; para o Campeonato Pan-Americano da categoria, em junho; e o Mundial Sub-20 de C\u00e1li.<\/p>\n<p>Vanessa n\u00e3o chegou a sua melhor marca \u2013 no Brasileiro Sub-20, realizado em abril, venceu o salto em dist\u00e2ncia, com 6,35m , novo recorde brasileiro sub-18. \u201cAchei a prova boa, mas poderia ter ido melhor. Mas consegui o lugar mais alto do p\u00f3dio, a experi\u00eancia, que vale, e \u00e9 bola para a frente e melhorar nas pr\u00f3ximas\u201d, disse a atleta. \u201c\u00c9 muito importante essa competi\u00e7\u00e3o. Estou muito feliz. \u00c9 muito legal, eu estou conhecendo atletas de outras modalidades\u201d, acrescentou.<\/p>\n<p>A chilena Matilde Tejos ficou com a medalha de prata no salto em dist\u00e2ncia e a argentina Victoria Zanolli faturou a medalha de bronze.<\/p>\n<p>Vanessa tem tr\u00eas \u00edndices para o Campeonato Mundial Sub-20 de C\u00e1li (COL), de 1 a 6 de agosto. No salto em dist\u00e2ncia, com os 6,35m do Brasileiro Sub-20, e nos 200m, com 24s03, tamb\u00e9m na final da mesma competi\u00e7\u00e3o. No Torneio Internacional S\u00e3o Paulo (27.4), entre adultos, correu os 100m em 11s82 e bateu a marca de 11s90, fixada como m\u00ednima pela World Athletics.<\/p>\n<p>O cuiabano Arthur Monteiro Curvo, de 17 anos, ficou com a medalha de prata no lan\u00e7amento do dardo com 63,75m. Juan David Pastrana conquistou o ouro (63,80m) e o argentino Jenaro Gabriel Aldaz ficou com o bronze (62,36m). \u201c\u00c9 muito gratificante estar numa competi\u00e7\u00e3o grande como essa e levar uma medalha\u201d. Arthur tamb\u00e9m vai a Gymnas\u00edade e quer resultado melhor. \u201cAinda tenho alguns acertos para fazer, mas com o tempo eu arrumo.\u201d<\/p>\n<p>Davi Savio Felix da Cruz Santos levou o bronze no salto em dist\u00e2ncia, com 6,66m. O ouro ficou com o equatoriano Jair Ayov\u00ed (7,15m) e a prata com o venezuelano David Suarez (7,02m).<\/p>\n<p>\u201cEstou muito feliz. O resultado n\u00e3o foi t\u00e3o bom, esperava saltar 6,90m, 7m, mas \u00e9 continuar treinando porque este ano ainda tenho o Sul-Americano e a Gymnas\u00edade, muita competi\u00e7\u00e3o ainda\u201d.<\/p>\n<p>Cent\u00e9sima medalha<\/p>\n<p>O Brasil superou, nesta quinta-feira (05.05), a marca de 100 medalhas conquistadas nos Jogos Sul-Americanos da Juventude de Ros\u00e1rio. O pa\u00eds lidera o quadro de medalha, com 105 p\u00f3dios. At\u00e9 aqui, s\u00e3o 48 medalhas de ouro, 30 de prata e 27 de bronze. A Col\u00f4mbia est\u00e1 em segundo, com 22 ouros, 20 pratas e 17 bronzes, seguida pela Argentina, em terceiro, com 18 ouros, 16 pratas e 35 bronzes.<\/p>\n<p>No total, 11 pa\u00edses disputam os Jogos Sul-Americanos da Juventude em Ros\u00e1rio: Brasil, Col\u00f4mbia, Argentina, Venezuela, Chile, Equador, Peru, Paraguai, Uruguai, Panam\u00e1 e Bol\u00edvia.<\/p>\n<p>Fonte: Confedera\u00e7\u00e3o Brasileira de Atletismo<\/p>\n","protected":false},"excerpt":{"rendered":"<p>A paulista Vanessa Sena dos Santos, de 16 anos, confirmou o favoritismo e venceu o salto em dist\u00e2ncia, com 6,23m, nos Jogos Sul-Americanos da Juventude de Ros\u00e1rio, Argentina. O torneio de atletismo, que come\u00e7ou nesta quinta-feira (05.05), prossegue at\u00e9 domingo (08.05), no Est\u00e1dio Municipal Jorge Newbery. No primeiro dia de provas, o Brasil ainda conquistou [&hellip;]<\/p>\n","protected":false},"author":246,"featured_media":198593,"comment_status":"closed","ping_status":"closed","sticky":false,"template":"","format":"standard","meta":{"footnotes":""},"categories":[436,440,257,439],"tags":[],"class_list":["post-198592","post","type-post","status-publish","format-standard","has-post-thumbnail","hentry","category-destaque-da-semana","category-destaques-do-dia","category-esporte","category-ultima-hora"],"_links":{"self":[{"href":"https:\/\/diarioregionaldigital.com.br\/index.php?rest_route=\/wp\/v2\/posts\/198592","targetHints":{"allow":["GET"]}}],"collection":[{"href":"https:\/\/diarioregionaldigital.com.br\/index.php?rest_route=\/wp\/v2\/posts"}],"about":[{"href":"https:\/\/diarioregionaldigital.com.br\/index.php?rest_route=\/wp\/v2\/types\/post"}],"author":[{"embeddable":true,"href":"https:\/\/diarioregionaldigital.com.br\/index.php?rest_route=\/wp\/v2\/users\/246"}],"replies":[{"embeddable":true,"href":"https:\/\/diarioregionaldigital.com.br\/index.php?rest_route=%2Fwp%2Fv2%2Fcomments&post=198592"}],"version-history":[{"count":1,"href":"https:\/\/diarioregionaldigital.com.br\/index.php?rest_route=\/wp\/v2\/posts\/198592\/revisions"}],"predecessor-version":[{"id":198594,"href":"https:\/\/diarioregionaldigital.com.br\/index.php?rest_route=\/wp\/v2\/posts\/198592\/revisions\/198594"}],"wp:featuredmedia":[{"embeddable":true,"href":"https:\/\/diarioregionaldigital.com.br\/index.php?rest_route=\/wp\/v2\/media\/198593"}],"wp:attachment":[{"href":"https:\/\/diarioregionaldigital.com.br\/index.php?rest_route=%2Fwp%2Fv2%2Fmedia&parent=198592"}],"wp:term":[{"taxonomy":"category","embeddable":true,"href":"https:\/\/diarioregionaldigital.com.br\/index.php?rest_route=%2Fwp%2Fv2%2Fcategories&post=198592"},{"taxonomy":"post_tag","embeddable":true,"href":"https:\/\/diarioregionaldigital.com.br\/index.php?rest_route=%2Fwp%2Fv2%2Ftags&post=198592"}],"curies":[{"name":"wp","href":"https:\/\/api.w.org\/{rel}","templated":true}]}}